
{"id":34899,"date":"2014-03-02T12:42:42","date_gmt":"2014-03-02T15:42:42","guid":{"rendered":"http:\/\/www.sudoestehoje.com.br\/novoportal\/?p=34899"},"modified":"2014-03-02T21:03:31","modified_gmt":"2014-03-03T00:03:31","slug":"wagner-e-vaiado-no-carnaval-e-primeira-dama-da-dedo-para-multidao","status":"publish","type":"post","link":"https:\/\/www.sudoestehoje.com.br\/novoportal\/2014\/03\/02\/wagner-e-vaiado-no-carnaval-e-primeira-dama-da-dedo-para-multidao\/","title":{"rendered":"WAGNER \u00c9 VAIADO NO CARNAVAL E PRIMEIRA DAMA D\u00c1 DEDO PARA MULTID\u00c3O"},"content":{"rendered":"<div>\n<div id=\"attachment_34900\" style=\"width: 460px\" class=\"wp-caption aligncenter\"><a href=\"http:\/\/www.sudoestehoje.com.br\/novoportal\/wp-content\/uploads\/2014\/03\/wagner-e-f\u00e1tima.jpg\"><img decoding=\"async\" aria-describedby=\"caption-attachment-34900\" class=\" wp-image-34900 \" alt=\"Esposa do governador mostrou o ded\u00e3o para a multid\u00e3o que vaiava o marido.\" src=\"http:\/\/www.sudoestehoje.com.br\/novoportal\/wp-content\/uploads\/2014\/03\/wagner-e-f\u00e1tima.jpg\" width=\"450\" \/><\/a><p id=\"caption-attachment-34900\" class=\"wp-caption-text\">Esposa do governador mostrou o ded\u00e3o para a multid\u00e3o que vaiava o marido.<\/p><\/div>\n<\/div>\n<div id=\"cke_pastebin\">Na quinta-feira de Carnaval, o governador Jaques Wagner recebeu uma sonora vaia durante a passagem de Baby do Brasil na frente do Camarote Marta Goes. Ao ouvir os apupos da multid\u00e3o, a primeira-dama do estado, F\u00e1tima Mendon\u00e7a, reagiu e mostrou o dedo do meio \u00e0 multid\u00e3o em atitude surpreendente. O petista falou sobre o fato durante a sa\u00edda do Il\u00ea Aiy\u00ea no s\u00e1bado e minimizou a rea\u00e7\u00e3o da mulher.<\/div>\n<div id=\"cke_pastebin\"><\/div>\n<div id=\"cke_pastebin\">Segundo ele, F\u00e1tima teve uma rea\u00e7\u00e3o mais intempestiva porque tem \u201cmais liberdade\u201d para agir desta forma. O governador confirmou que tamb\u00e9m n\u00e3o gostou de receber vaias, mas que se conteve em reagir. Mesmo assim, pensou em fazer alguma coisa no momento em que ouvia os apupos em pra\u00e7a p\u00fablica.<!--more--><\/div>\n<div id=\"cke_pastebin\"><\/div>\n<div id=\"cke_pastebin\">\u201cBaby me cumprimentou na multid\u00e3o, e sabe como \u00e9 multid\u00e3o. At\u00e9 um minuto de sil\u00eancio \u00e9 vaiado. Eu me contive, mas Fatinha, que tem mais liberdade, reagiu daquela forma\u201d, explicou Wagner. A mulher, por outro lado, explicou o epis\u00f3dio de maneira mais incisiva. \u201cVaiar todo mundo pode vaiar, mas eu tamb\u00e9m tenho o direito de reagir. S\u00e3o oito anos de governo, ningu\u00e9m sabe do que a gente faz. As pessoas nem sabem por que est\u00e3o vaiando. A\u00ed eu reagi mesmo\u201d.<\/div>\n<div id=\"cke_pastebin\"><\/div>\n<div id=\"cke_pastebin\">Vaias e dedos \u00e0 parte, o governador exaltou o desfile do Il\u00ea Aiy\u00ea dentro do tema do Carnaval e ressaltou a tradi\u00e7\u00e3o o bloco na folia baiana. O gestor afirmou que tem uma longa rela\u00e7\u00e3o com o grupo e que, em sua gest\u00e3o, busca avan\u00e7ar sem deixar ra\u00edzes culturais de lado. Ao explicar a quest\u00e3o da tentativa de expandir o espa\u00e7o aos blocos afro, tentou n\u00e3o dar cr\u00e9dito \u00e0 prefeitura.<\/div>\n<div id=\"cke_pastebin\"><\/div>\n<div id=\"cke_pastebin\">\u201cFomos o primeiro governo a reconhecer o Carnaval Ouro Negro, catalogando todas as entidades e destinando, se n\u00e3o me engano, R$ 9 milh\u00f5es em patroc\u00ednio para os blocos afro, que nem sempre s\u00e3o os mais comerciais\u201d. Jaques Wagner participou ao lado de ACM Neto do ato de abertura do desfile, que teve como ponto alto a liberta\u00e7\u00e3o de pombas brancas simbolizando a paz. Boc\u00e3o News<\/div>\n","protected":false},"excerpt":{"rendered":"<p>Na quinta-feira de Carnaval, o governador Jaques Wagner recebeu uma sonora vaia durante a passagem de Baby do Brasil na frente do Camarote Marta Goes. Ao ouvir os apupos da multid\u00e3o, a primeira-dama do estado, F\u00e1tima Mendon\u00e7a, reagiu e mostrou o dedo do meio \u00e0 multid\u00e3o em atitude surpreendente. O petista falou sobre o fato [&hellip;]<\/p>\n","protected":false},"author":2,"featured_media":0,"comment_status":"open","ping_status":"open","sticky":false,"template":"","format":"standard","meta":{"footnotes":"","_links_to":"","_links_to_target":""},"categories":[1],"tags":[],"class_list":["post-34899","post","type-post","status-publish","format-standard","hentry","category-geral"],"views":2355,"_links":{"self":[{"href":"https:\/\/www.sudoestehoje.com.br\/novoportal\/wp-json\/wp\/v2\/posts\/34899","targetHints":{"allow":["GET"]}}],"collection":[{"href":"https:\/\/www.sudoestehoje.com.br\/novoportal\/wp-json\/wp\/v2\/posts"}],"about":[{"href":"https:\/\/www.sudoestehoje.com.br\/novoportal\/wp-json\/wp\/v2\/types\/post"}],"author":[{"embeddable":true,"href":"https:\/\/www.sudoestehoje.com.br\/novoportal\/wp-json\/wp\/v2\/users\/2"}],"replies":[{"embeddable":true,"href":"https:\/\/www.sudoestehoje.com.br\/novoportal\/wp-json\/wp\/v2\/comments?post=34899"}],"version-history":[{"count":3,"href":"https:\/\/www.sudoestehoje.com.br\/novoportal\/wp-json\/wp\/v2\/posts\/34899\/revisions"}],"predecessor-version":[{"id":34909,"href":"https:\/\/www.sudoestehoje.com.br\/novoportal\/wp-json\/wp\/v2\/posts\/34899\/revisions\/34909"}],"wp:attachment":[{"href":"https:\/\/www.sudoestehoje.com.br\/novoportal\/wp-json\/wp\/v2\/media?parent=34899"}],"wp:term":[{"taxonomy":"category","embeddable":true,"href":"https:\/\/www.sudoestehoje.com.br\/novoportal\/wp-json\/wp\/v2\/categories?post=34899"},{"taxonomy":"post_tag","embeddable":true,"href":"https:\/\/www.sudoestehoje.com.br\/novoportal\/wp-json\/wp\/v2\/tags?post=34899"}],"curies":[{"name":"wp","href":"https:\/\/api.w.org\/{rel}","templated":true}]}}