
{"id":34895,"date":"2014-03-01T22:12:57","date_gmt":"2014-03-02T01:12:57","guid":{"rendered":"http:\/\/www.sudoestehoje.com.br\/novoportal\/?p=34895"},"modified":"2014-03-01T22:12:57","modified_gmt":"2014-03-02T01:12:57","slug":"eleicoes-2014-aecio-neves-prega-unidade-das-oposicoes-na-bahia","status":"publish","type":"post","link":"https:\/\/www.sudoestehoje.com.br\/novoportal\/2014\/03\/01\/eleicoes-2014-aecio-neves-prega-unidade-das-oposicoes-na-bahia\/","title":{"rendered":"ELEI\u00c7\u00d5ES 2014: A\u00c9CIO NEVES PREGA UNIDADE DAS OPOSI\u00c7\u00d5ES NA BAHIA"},"content":{"rendered":"<p><a href=\"http:\/\/www.sudoestehoje.com.br\/novoportal\/wp-content\/uploads\/2014\/03\/A\u00c9CIO.jpg\"><img loading=\"lazy\" decoding=\"async\" class=\"aligncenter size-medium wp-image-34896\" alt=\"A\u00c9CIO\" src=\"http:\/\/www.sudoestehoje.com.br\/novoportal\/wp-content\/uploads\/2014\/03\/A\u00c9CIO-500x271.jpg\" width=\"500\" height=\"271\" srcset=\"https:\/\/www.sudoestehoje.com.br\/novoportal\/wp-content\/uploads\/2014\/03\/A\u00c9CIO-500x271.jpg 500w, https:\/\/www.sudoestehoje.com.br\/novoportal\/wp-content\/uploads\/2014\/03\/A\u00c9CIO.jpg 590w\" sizes=\"auto, (max-width: 500px) 100vw, 500px\" \/><\/a><\/p>\n<p>Na mesma hora em que a presidente Dilma Rousseff (PT), candidata a mais um mandato, desembarcou em Salvador para curtir o feriado de Carnaval na praia de Inema, na Base Naval de Aratu, o senador e pr\u00e9-candidato \u00e0 presid\u00eancia da Rep\u00fablica A\u00e9cio Neves (PSDB-MG) chegava ao Campo Grande, no final da tarde, para assistir ao desfile do Furdun\u00e7o.\u00a0Chegou acompanhado pelo ex-governador Paulo Souto, pr\u00e9-candidato ao governo da Bahia pelo DEM, que disputa com o ex-ministro Geddel Vieira Lima (PMDB) a indica\u00e7\u00e3o para encabe\u00e7ar a chapa majorit\u00e1ria.<!--more--><\/p>\n<p>Como bom mineiro, A\u00e9cio tratou de dizer que n\u00e3o h\u00e1 imposi\u00e7\u00e3o da dire\u00e7\u00e3o nacional do PSDB para Souto ser o indicado nem inc\u00f4modo em dividir o palanque com Geddel, pelo fato de o ex-ministro, que preside o PMDB na Bahia, ser do mesmo partido de Michel Temer (SP), o vice de Dilma Rousseff. \u201cO PSDB tem uma caracter\u00edstica que \u00e9 respeitar as constru\u00e7\u00f5es regionais, e elas se d\u00e3o muito em raz\u00e3o de cada estado. O que \u00e9 prioridade para o PSDB \u00e9 que n\u00f3s estejamos unidos, que a alian\u00e7a vitoriosa que trouxe a bela administra\u00e7\u00e3o que faz em Salvador possa ser mantida tamb\u00e9m na disputa pelo governo do estado\u201d, declarou A\u00e9cio.<\/p>\n<p>\u201c\u00c9 um privil\u00e9gio ter dentro desta alian\u00e7a um nome como o do ex-governador Paulo Souto, um dos homens p\u00fablicos mais respeitados do Brasil, e tamb\u00e9m companheiros do valor do companheiro Geddel\u201d, elogiou A\u00e9cio. Indagado se a chapa ideal seria Souto governador e Geddel para senador, disse que o ideal \u00e9 que ambos estejam juntos trabalhando de forma complementar pela Bahia e pelo Brasil. \u201cMas a decis\u00e3o ser\u00e1 tomada pela alian\u00e7a\u201d. A\u00e9cio afirmou que n\u00e3o poderia iniciar o Carnaval noutro lugar que n\u00e3o em Salvador \u2013 capital governada por ACM Neto, principal lideran\u00e7a do DEM na Bahia e voz influente no Democrata nacional.<\/p>\n<p><em>Patr\u00edcia Fran\u00e7a, A Tarde<\/em><\/p>\n","protected":false},"excerpt":{"rendered":"<p>Na mesma hora em que a presidente Dilma Rousseff (PT), candidata a mais um mandato, desembarcou em Salvador para curtir o feriado de Carnaval na praia de Inema, na Base Naval de Aratu, o senador e pr\u00e9-candidato \u00e0 presid\u00eancia da Rep\u00fablica A\u00e9cio Neves (PSDB-MG) chegava ao Campo Grande, no final da tarde, para assistir ao [&hellip;]<\/p>\n","protected":false},"author":2,"featured_media":0,"comment_status":"open","ping_status":"open","sticky":false,"template":"","format":"standard","meta":{"footnotes":"","_links_to":"","_links_to_target":""},"categories":[1],"tags":[],"class_list":["post-34895","post","type-post","status-publish","format-standard","hentry","category-geral"],"views":1626,"_links":{"self":[{"href":"https:\/\/www.sudoestehoje.com.br\/novoportal\/wp-json\/wp\/v2\/posts\/34895","targetHints":{"allow":["GET"]}}],"collection":[{"href":"https:\/\/www.sudoestehoje.com.br\/novoportal\/wp-json\/wp\/v2\/posts"}],"about":[{"href":"https:\/\/www.sudoestehoje.com.br\/novoportal\/wp-json\/wp\/v2\/types\/post"}],"author":[{"embeddable":true,"href":"https:\/\/www.sudoestehoje.com.br\/novoportal\/wp-json\/wp\/v2\/users\/2"}],"replies":[{"embeddable":true,"href":"https:\/\/www.sudoestehoje.com.br\/novoportal\/wp-json\/wp\/v2\/comments?post=34895"}],"version-history":[{"count":2,"href":"https:\/\/www.sudoestehoje.com.br\/novoportal\/wp-json\/wp\/v2\/posts\/34895\/revisions"}],"predecessor-version":[{"id":34898,"href":"https:\/\/www.sudoestehoje.com.br\/novoportal\/wp-json\/wp\/v2\/posts\/34895\/revisions\/34898"}],"wp:attachment":[{"href":"https:\/\/www.sudoestehoje.com.br\/novoportal\/wp-json\/wp\/v2\/media?parent=34895"}],"wp:term":[{"taxonomy":"category","embeddable":true,"href":"https:\/\/www.sudoestehoje.com.br\/novoportal\/wp-json\/wp\/v2\/categories?post=34895"},{"taxonomy":"post_tag","embeddable":true,"href":"https:\/\/www.sudoestehoje.com.br\/novoportal\/wp-json\/wp\/v2\/tags?post=34895"}],"curies":[{"name":"wp","href":"https:\/\/api.w.org\/{rel}","templated":true}]}}