
{"id":34891,"date":"2014-03-01T20:56:09","date_gmt":"2014-03-01T23:56:09","guid":{"rendered":"http:\/\/www.sudoestehoje.com.br\/novoportal\/?p=34891"},"modified":"2014-03-01T20:56:09","modified_gmt":"2014-03-01T23:56:09","slug":"agnelo-queiroz-fez-visita-secreta-a-ze-dirceu-no-presidio-da-papuda","status":"publish","type":"post","link":"https:\/\/www.sudoestehoje.com.br\/novoportal\/2014\/03\/01\/agnelo-queiroz-fez-visita-secreta-a-ze-dirceu-no-presidio-da-papuda\/","title":{"rendered":"AGNELO QUEIROZ FEZ VISITA SECRETA A Z\u00c9 DIRCEU NO PRES\u00cdDIO DA PAPUDA"},"content":{"rendered":"<div id=\"attachment_34893\" style=\"width: 510px\" class=\"wp-caption aligncenter\"><a href=\"http:\/\/www.sudoestehoje.com.br\/novoportal\/wp-content\/uploads\/2014\/03\/agnelo-queiroz-foto-sergio-lima.jpeg\"><img loading=\"lazy\" decoding=\"async\" aria-describedby=\"caption-attachment-34893\" class=\"size-medium wp-image-34893\" alt=\"Agnelo Queiroz \u00e9 itapetinguense e exerce o cargo de governador do Distrito Federal.\" src=\"http:\/\/www.sudoestehoje.com.br\/novoportal\/wp-content\/uploads\/2014\/03\/agnelo-queiroz-foto-sergio-lima-500x333.jpeg\" width=\"500\" height=\"333\" srcset=\"https:\/\/www.sudoestehoje.com.br\/novoportal\/wp-content\/uploads\/2014\/03\/agnelo-queiroz-foto-sergio-lima-500x333.jpeg 500w, https:\/\/www.sudoestehoje.com.br\/novoportal\/wp-content\/uploads\/2014\/03\/agnelo-queiroz-foto-sergio-lima.jpeg 550w\" sizes=\"auto, (max-width: 500px) 100vw, 500px\" \/><\/a><p id=\"caption-attachment-34893\" class=\"wp-caption-text\">Agnelo Queiroz \u00e9 itapetinguense e exerce o cargo de governador do Distrito Federal.<\/p><\/div>\n<p>Alvo de questionamento do Minist\u00e9rio P\u00fablico pelas supostas regalias concedidas por seu governo aos condenados do mensal\u00e3o nas cadeias do Distrito Federal, o governador Agnelo Queiroz (PT) fez uma visita secreta ao ex-ministro Jos\u00e9 Dirceu (PT-SP) na Penitenci\u00e1ria da Papuda, revelou reportagem publicada nesta sexta-feira, 28, na revista \u201cVeja\u201d.<\/p>\n<p>A visita ocorreu no \u00faltimo dia 20 e n\u00e3o foi divulgada na agenda oficial do governador. O Governo do Distrito Federal (GDF) admite o encontro, mas alega que ele foi \u201ccasual\u201d. Em nota, explicou que Agnelo \u201caproveitou\u201d uma inaugura\u00e7\u00e3o em local pr\u00f3ximo para, em seguida, fazer uma \u201cinspe\u00e7\u00e3o\u201d na Papuda.<\/p>\n<p>\u201cDurante a visita, (o governador) encontrou-se com o ex-ministro e ex-deputado federal Jos\u00e9 Dirceu. Eles trataram de assuntos pessoais e o ex-ministro manifestou sua expectativa em rela\u00e7\u00e3o ao julgamento de recurso junto ao Supremo Tribunal Federal (STF)\u201d, disse o GDF.\u00a0<em>(F\u00e1bio Fabrini \u2013 Estad\u00e3o)<\/em><\/p>\n","protected":false},"excerpt":{"rendered":"<p>Alvo de questionamento do Minist\u00e9rio P\u00fablico pelas supostas regalias concedidas por seu governo aos condenados do mensal\u00e3o nas cadeias do Distrito Federal, o governador Agnelo Queiroz (PT) fez uma visita secreta ao ex-ministro Jos\u00e9 Dirceu (PT-SP) na Penitenci\u00e1ria da Papuda, revelou reportagem publicada nesta sexta-feira, 28, na revista \u201cVeja\u201d. A visita ocorreu no \u00faltimo dia [&hellip;]<\/p>\n","protected":false},"author":2,"featured_media":0,"comment_status":"open","ping_status":"open","sticky":false,"template":"","format":"standard","meta":{"footnotes":"","_links_to":"","_links_to_target":""},"categories":[1],"tags":[],"class_list":["post-34891","post","type-post","status-publish","format-standard","hentry","category-geral"],"views":1145,"_links":{"self":[{"href":"https:\/\/www.sudoestehoje.com.br\/novoportal\/wp-json\/wp\/v2\/posts\/34891","targetHints":{"allow":["GET"]}}],"collection":[{"href":"https:\/\/www.sudoestehoje.com.br\/novoportal\/wp-json\/wp\/v2\/posts"}],"about":[{"href":"https:\/\/www.sudoestehoje.com.br\/novoportal\/wp-json\/wp\/v2\/types\/post"}],"author":[{"embeddable":true,"href":"https:\/\/www.sudoestehoje.com.br\/novoportal\/wp-json\/wp\/v2\/users\/2"}],"replies":[{"embeddable":true,"href":"https:\/\/www.sudoestehoje.com.br\/novoportal\/wp-json\/wp\/v2\/comments?post=34891"}],"version-history":[{"count":2,"href":"https:\/\/www.sudoestehoje.com.br\/novoportal\/wp-json\/wp\/v2\/posts\/34891\/revisions"}],"predecessor-version":[{"id":34894,"href":"https:\/\/www.sudoestehoje.com.br\/novoportal\/wp-json\/wp\/v2\/posts\/34891\/revisions\/34894"}],"wp:attachment":[{"href":"https:\/\/www.sudoestehoje.com.br\/novoportal\/wp-json\/wp\/v2\/media?parent=34891"}],"wp:term":[{"taxonomy":"category","embeddable":true,"href":"https:\/\/www.sudoestehoje.com.br\/novoportal\/wp-json\/wp\/v2\/categories?post=34891"},{"taxonomy":"post_tag","embeddable":true,"href":"https:\/\/www.sudoestehoje.com.br\/novoportal\/wp-json\/wp\/v2\/tags?post=34891"}],"curies":[{"name":"wp","href":"https:\/\/api.w.org\/{rel}","templated":true}]}}