
{"id":34873,"date":"2014-02-28T12:15:05","date_gmt":"2014-02-28T15:15:05","guid":{"rendered":"http:\/\/www.sudoestehoje.com.br\/novoportal\/?p=34873"},"modified":"2014-02-28T12:15:05","modified_gmt":"2014-02-28T15:15:05","slug":"vereador-renan-coelho-denuncia-descaso-na-educacao","status":"publish","type":"post","link":"https:\/\/www.sudoestehoje.com.br\/novoportal\/2014\/02\/28\/vereador-renan-coelho-denuncia-descaso-na-educacao\/","title":{"rendered":"VEREADOR RENAN COELHO DENUNCIA DESCASO NA EDUCA\u00c7\u00c3O"},"content":{"rendered":"<p><a href=\"http:\/\/www.sudoestehoje.com.br\/novoportal\/wp-content\/uploads\/2014\/02\/renan.jpg\"><img loading=\"lazy\" decoding=\"async\" class=\"aligncenter size-full wp-image-34874\" alt=\"renan\" src=\"http:\/\/www.sudoestehoje.com.br\/novoportal\/wp-content\/uploads\/2014\/02\/renan.jpg\" width=\"400\" height=\"300\" \/><\/a><\/p>\n<p>O vereador Renan Coelho (PCdoB) levou a discuss\u00e3o sobre a educa\u00e7\u00e3o no munic\u00edpio, para o Plen\u00e1rio da C\u00e2mara Municipal,\u00a0 com provas em m\u00e3os que confirmam o descaso nas escolas municipais. Nem mesmo os vereadores da bancada governista rebateram as cr\u00edticas.<\/p>\n<p>O vereador falou da falta de merenda, problemas de estrutura, questionou a aplica\u00e7\u00e3o incorreta dos recursos que s\u00e3o mandados para a pasta, inclusive apresentou uma indica\u00e7\u00e3o solicitando da secret\u00e1ria Sibele Nery explica\u00e7\u00f5es sobre as aplica\u00e7\u00f5es das verbas da educa\u00e7\u00e3o. Ainda sobrou espa\u00e7o para o edil falar do absurdo registrado pela m\u00eddia nas escolas, onde os alunos est\u00e3o utilizando carteiras brancas de bar, para estudarem.<\/p>\n<p>O edil tamb\u00e9m cobrou agilidade na constru\u00e7\u00e3o das creches, requisitou da Secretaria de Sa\u00fade rem\u00e9dios para o PSFs, e cobrou provid\u00eancias na restaura\u00e7\u00e3o da pavimenta\u00e7\u00e3o da rua Tr\u00eas Irm\u00e3os, no distrito de Bandeira do Col\u00f4nia, que tem trazido transtornos e preocupa\u00e7\u00e3o aos moradores, quando chove. \u201cA popula\u00e7\u00e3o do Bandeira merece respeito\u201d, finalizou Renan. Informa\u00e7\u00f5es do Tribuna de Itapetinga<\/p>\n","protected":false},"excerpt":{"rendered":"<p>O vereador Renan Coelho (PCdoB) levou a discuss\u00e3o sobre a educa\u00e7\u00e3o no munic\u00edpio, para o Plen\u00e1rio da C\u00e2mara Municipal,\u00a0 com provas em m\u00e3os que confirmam o descaso nas escolas municipais. Nem mesmo os vereadores da bancada governista rebateram as cr\u00edticas. O vereador falou da falta de merenda, problemas de estrutura, questionou a aplica\u00e7\u00e3o incorreta dos [&hellip;]<\/p>\n","protected":false},"author":2,"featured_media":0,"comment_status":"open","ping_status":"open","sticky":false,"template":"","format":"standard","meta":{"footnotes":"","_links_to":"","_links_to_target":""},"categories":[1],"tags":[],"class_list":["post-34873","post","type-post","status-publish","format-standard","hentry","category-geral"],"views":1467,"_links":{"self":[{"href":"https:\/\/www.sudoestehoje.com.br\/novoportal\/wp-json\/wp\/v2\/posts\/34873","targetHints":{"allow":["GET"]}}],"collection":[{"href":"https:\/\/www.sudoestehoje.com.br\/novoportal\/wp-json\/wp\/v2\/posts"}],"about":[{"href":"https:\/\/www.sudoestehoje.com.br\/novoportal\/wp-json\/wp\/v2\/types\/post"}],"author":[{"embeddable":true,"href":"https:\/\/www.sudoestehoje.com.br\/novoportal\/wp-json\/wp\/v2\/users\/2"}],"replies":[{"embeddable":true,"href":"https:\/\/www.sudoestehoje.com.br\/novoportal\/wp-json\/wp\/v2\/comments?post=34873"}],"version-history":[{"count":1,"href":"https:\/\/www.sudoestehoje.com.br\/novoportal\/wp-json\/wp\/v2\/posts\/34873\/revisions"}],"predecessor-version":[{"id":34875,"href":"https:\/\/www.sudoestehoje.com.br\/novoportal\/wp-json\/wp\/v2\/posts\/34873\/revisions\/34875"}],"wp:attachment":[{"href":"https:\/\/www.sudoestehoje.com.br\/novoportal\/wp-json\/wp\/v2\/media?parent=34873"}],"wp:term":[{"taxonomy":"category","embeddable":true,"href":"https:\/\/www.sudoestehoje.com.br\/novoportal\/wp-json\/wp\/v2\/categories?post=34873"},{"taxonomy":"post_tag","embeddable":true,"href":"https:\/\/www.sudoestehoje.com.br\/novoportal\/wp-json\/wp\/v2\/tags?post=34873"}],"curies":[{"name":"wp","href":"https:\/\/api.w.org\/{rel}","templated":true}]}}