
{"id":34834,"date":"2014-02-26T17:20:16","date_gmt":"2014-02-26T20:20:16","guid":{"rendered":"http:\/\/www.sudoestehoje.com.br\/novoportal\/?p=34834"},"modified":"2014-02-26T17:58:13","modified_gmt":"2014-02-26T20:58:13","slug":"itapetinga-abandono-de-escola-e-quadra-esportiva-no-vila-rosa","status":"publish","type":"post","link":"https:\/\/www.sudoestehoje.com.br\/novoportal\/2014\/02\/26\/itapetinga-abandono-de-escola-e-quadra-esportiva-no-vila-rosa\/","title":{"rendered":"ITAPETINGA: ABANDONO DE ESCOLA E QUADRA ESPORTIVA NO VILA ROSA"},"content":{"rendered":"<p style=\"text-align: center;\"><a href=\"http:\/\/1.bp.blogspot.com\/-9tK-NYoJGWU\/Uw1XV_gPO3I\/AAAAAAAA5go\/GKJGixFDw28\/s1600\/quadra+de+futebol3.JPG\"><img decoding=\"async\" class=\"aligncenter\" style=\"border: 0px;\" alt=\"\" src=\"http:\/\/1.bp.blogspot.com\/-9tK-NYoJGWU\/Uw1XV_gPO3I\/AAAAAAAA5go\/GKJGixFDw28\/s1600\/quadra+de+futebol3.JPG\" width=\"500\" border=\"0\" \/><\/a><\/p>\n<p>A situa\u00e7\u00e3o da educa\u00e7\u00e3o no munic\u00edpio \u00e9 t\u00e3o calamitosa e o abandono das escolas t\u00e3o revoltante, que at\u00e9 a imprensa considerada &#8216;amiga&#8217; da administra\u00e7\u00e3o municipal j\u00e1 come\u00e7a a criticar. Confira o que diz o blog Itapetinga Agora, a respeito do abandono de uma escola na Vila Rosa:<\/p>\n<p><a href=\"http:\/\/4.bp.blogspot.com\/-M6HPwqASE_A\/Uw1XV-HTTjI\/AAAAAAAA5gs\/bTKRtWZ5ZRg\/s1600\/quadra+de+futebol.JPG\"><img decoding=\"async\" class=\"aligncenter\" style=\"border: 0px;\" alt=\"\" src=\"http:\/\/4.bp.blogspot.com\/-M6HPwqASE_A\/Uw1XV-HTTjI\/AAAAAAAA5gs\/bTKRtWZ5ZRg\/s1600\/quadra+de+futebol.JPG\" width=\"500\" border=\"0\" \/><\/a><\/p>\n<p>&#8221;\u00a0<a href=\"http:\/\/www.itapetingaagora.net\/2014\/02\/eles-sonham-jogar-futebol-quadra-de.html\">ITAPETINGA: QUADRA DE FUTEBOL, AP\u00d3S ANOS, S\u00d3 TEVE GRADES E TELAS DE PROTE\u00c7\u00c3O CONSTRU\u00cdDAS.<\/a><\/p>\n<p>No bairro Vila Rosa, uma cena nos faz entristecer e sentir nojo do descaso com as crian\u00e7as e jovens do bairro. Um grupo de meninos entre 8 e 12 anos, tentava de todas as maneiras\u00a0<b><i>\u201cbater um baba\u201d<\/i><\/b>\u00a0em um cercado, onde deveria, h\u00e1 03 anos, ter sido constru\u00edda uma quadra de futebol.<\/p>\n<p><a href=\"http:\/\/4.bp.blogspot.com\/-o3GZZu9AwW0\/Uw1XV7Y6wkI\/AAAAAAAA5gw\/9F7nLyVNhSc\/s1600\/quadra+de+futebolw.JPG\"><img decoding=\"async\" class=\"aligncenter\" style=\"border: 0px;\" alt=\"\" src=\"http:\/\/4.bp.blogspot.com\/-o3GZZu9AwW0\/Uw1XV7Y6wkI\/AAAAAAAA5gw\/9F7nLyVNhSc\/s1600\/quadra+de+futebolw.JPG\" width=\"500\" border=\"0\" \/><\/a><\/p>\n<p>No local, o dinheiro p\u00fablico foi jogado ao vento. As telas de prote\u00e7\u00e3o e grades de prote\u00e7\u00e3o foram erguidas, antes mesmo da quadra ser constru\u00edda.\u00a0Os meninos n\u00e3o se deram por vencidos e, no pa\u00eds da copa, entre pedras, buracos e matagal, vivem tentando jogar futebol.&#8221;<\/p>\n<p>Como bem disse o blogueiro, &#8220;\u00e9 de dar nojo&#8221;. Esta \u00e9 mais uma daquelas obras que n\u00e3o foram levadas adiante, apesar dos recursos federais terem ca\u00eddo na conta da prefeitura. Por muito menos que isto, j\u00e1 vi prefeito perder tudo que tinha, para a justi\u00e7a.<\/p>\n<p><strong><em>Por Davi Ferraz<\/em><\/strong><\/p>\n","protected":false},"excerpt":{"rendered":"<p>A situa\u00e7\u00e3o da educa\u00e7\u00e3o no munic\u00edpio \u00e9 t\u00e3o calamitosa e o abandono das escolas t\u00e3o revoltante, que at\u00e9 a imprensa considerada &#8216;amiga&#8217; da administra\u00e7\u00e3o municipal j\u00e1 come\u00e7a a criticar. Confira o que diz o blog Itapetinga Agora, a respeito do abandono de uma escola na Vila Rosa: &#8221;\u00a0ITAPETINGA: QUADRA DE FUTEBOL, AP\u00d3S ANOS, S\u00d3 TEVE [&hellip;]<\/p>\n","protected":false},"author":2,"featured_media":0,"comment_status":"open","ping_status":"open","sticky":false,"template":"","format":"standard","meta":{"footnotes":"","_links_to":"","_links_to_target":""},"categories":[1],"tags":[],"class_list":["post-34834","post","type-post","status-publish","format-standard","hentry","category-geral"],"views":2863,"_links":{"self":[{"href":"https:\/\/www.sudoestehoje.com.br\/novoportal\/wp-json\/wp\/v2\/posts\/34834","targetHints":{"allow":["GET"]}}],"collection":[{"href":"https:\/\/www.sudoestehoje.com.br\/novoportal\/wp-json\/wp\/v2\/posts"}],"about":[{"href":"https:\/\/www.sudoestehoje.com.br\/novoportal\/wp-json\/wp\/v2\/types\/post"}],"author":[{"embeddable":true,"href":"https:\/\/www.sudoestehoje.com.br\/novoportal\/wp-json\/wp\/v2\/users\/2"}],"replies":[{"embeddable":true,"href":"https:\/\/www.sudoestehoje.com.br\/novoportal\/wp-json\/wp\/v2\/comments?post=34834"}],"version-history":[{"count":4,"href":"https:\/\/www.sudoestehoje.com.br\/novoportal\/wp-json\/wp\/v2\/posts\/34834\/revisions"}],"predecessor-version":[{"id":34841,"href":"https:\/\/www.sudoestehoje.com.br\/novoportal\/wp-json\/wp\/v2\/posts\/34834\/revisions\/34841"}],"wp:attachment":[{"href":"https:\/\/www.sudoestehoje.com.br\/novoportal\/wp-json\/wp\/v2\/media?parent=34834"}],"wp:term":[{"taxonomy":"category","embeddable":true,"href":"https:\/\/www.sudoestehoje.com.br\/novoportal\/wp-json\/wp\/v2\/categories?post=34834"},{"taxonomy":"post_tag","embeddable":true,"href":"https:\/\/www.sudoestehoje.com.br\/novoportal\/wp-json\/wp\/v2\/tags?post=34834"}],"curies":[{"name":"wp","href":"https:\/\/api.w.org\/{rel}","templated":true}]}}