
{"id":34803,"date":"2014-02-25T23:49:06","date_gmt":"2014-02-26T02:49:06","guid":{"rendered":"http:\/\/www.sudoestehoje.com.br\/novoportal\/?p=34803"},"modified":"2014-02-25T23:49:06","modified_gmt":"2014-02-26T02:49:06","slug":"itororo-recebe-caminhao-basculhante-e-carro-pipa-do-pac-2","status":"publish","type":"post","link":"https:\/\/www.sudoestehoje.com.br\/novoportal\/2014\/02\/25\/itororo-recebe-caminhao-basculhante-e-carro-pipa-do-pac-2\/","title":{"rendered":"ITOROR\u00d3 RECEBE CAMINH\u00c3O BASCULHANTE E CARRO-PIPA DO PAC-2"},"content":{"rendered":"<p><a href=\"http:\/\/www.sudoestehoje.com.br\/novoportal\/wp-content\/uploads\/2014\/02\/caminh\u00f5es-pac.jpg\"><img loading=\"lazy\" decoding=\"async\" class=\"aligncenter size-medium wp-image-34804\" alt=\"caminh\u00f5es pac\" src=\"http:\/\/www.sudoestehoje.com.br\/novoportal\/wp-content\/uploads\/2014\/02\/caminh\u00f5es-pac-500x281.jpg\" width=\"500\" height=\"281\" srcset=\"https:\/\/www.sudoestehoje.com.br\/novoportal\/wp-content\/uploads\/2014\/02\/caminh\u00f5es-pac-500x281.jpg 500w, https:\/\/www.sudoestehoje.com.br\/novoportal\/wp-content\/uploads\/2014\/02\/caminh\u00f5es-pac-700x393.jpg 700w, https:\/\/www.sudoestehoje.com.br\/novoportal\/wp-content\/uploads\/2014\/02\/caminh\u00f5es-pac.jpg 800w\" sizes=\"auto, (max-width: 500px) 100vw, 500px\" \/><\/a><\/p>\n<p>O munic\u00edpio de Itoror\u00f3, atrav\u00e9s do esfor\u00e7o do prefeito Marco Brito (PMDB), foi contemplado com um caminh\u00e3o basculhante (ca\u00e7amba) e um caminh\u00e3o-pipa, do Minist\u00e9rio do Desenvolvimento Agr\u00e1rio &#8211; MDA, atrav\u00e9s do Programa de Acelera\u00e7\u00e3o do Crescimento (PAC2), do Governo Federal.<\/p>\n<p>A solenidade de entrega dos caminh\u00f5es aconteceu nesta ter\u00e7a-feira (25), em Salvador, e contou com a presen\u00e7a de v\u00e1rios prefeitos baianos, entres eles o prefeito de Itoror\u00f3 Marco Brito (PMDB),acompanhado pelo Deputado Federal Sergio Brito(PSD).<\/p>\n<p>O Ministro de Desenvolvimento Agr\u00e1rio, Pepe Vargas, entregou as chaves dos caminh\u00f5es com grande satisfa\u00e7\u00e3o. Itoror\u00f3 Hoje<\/p>\n","protected":false},"excerpt":{"rendered":"<p>O munic\u00edpio de Itoror\u00f3, atrav\u00e9s do esfor\u00e7o do prefeito Marco Brito (PMDB), foi contemplado com um caminh\u00e3o basculhante (ca\u00e7amba) e um caminh\u00e3o-pipa, do Minist\u00e9rio do Desenvolvimento Agr\u00e1rio &#8211; MDA, atrav\u00e9s do Programa de Acelera\u00e7\u00e3o do Crescimento (PAC2), do Governo Federal. A solenidade de entrega dos caminh\u00f5es aconteceu nesta ter\u00e7a-feira (25), em Salvador, e contou com [&hellip;]<\/p>\n","protected":false},"author":2,"featured_media":0,"comment_status":"open","ping_status":"open","sticky":false,"template":"","format":"standard","meta":{"footnotes":"","_links_to":"","_links_to_target":""},"categories":[1],"tags":[],"class_list":["post-34803","post","type-post","status-publish","format-standard","hentry","category-geral"],"views":2029,"_links":{"self":[{"href":"https:\/\/www.sudoestehoje.com.br\/novoportal\/wp-json\/wp\/v2\/posts\/34803","targetHints":{"allow":["GET"]}}],"collection":[{"href":"https:\/\/www.sudoestehoje.com.br\/novoportal\/wp-json\/wp\/v2\/posts"}],"about":[{"href":"https:\/\/www.sudoestehoje.com.br\/novoportal\/wp-json\/wp\/v2\/types\/post"}],"author":[{"embeddable":true,"href":"https:\/\/www.sudoestehoje.com.br\/novoportal\/wp-json\/wp\/v2\/users\/2"}],"replies":[{"embeddable":true,"href":"https:\/\/www.sudoestehoje.com.br\/novoportal\/wp-json\/wp\/v2\/comments?post=34803"}],"version-history":[{"count":1,"href":"https:\/\/www.sudoestehoje.com.br\/novoportal\/wp-json\/wp\/v2\/posts\/34803\/revisions"}],"predecessor-version":[{"id":34805,"href":"https:\/\/www.sudoestehoje.com.br\/novoportal\/wp-json\/wp\/v2\/posts\/34803\/revisions\/34805"}],"wp:attachment":[{"href":"https:\/\/www.sudoestehoje.com.br\/novoportal\/wp-json\/wp\/v2\/media?parent=34803"}],"wp:term":[{"taxonomy":"category","embeddable":true,"href":"https:\/\/www.sudoestehoje.com.br\/novoportal\/wp-json\/wp\/v2\/categories?post=34803"},{"taxonomy":"post_tag","embeddable":true,"href":"https:\/\/www.sudoestehoje.com.br\/novoportal\/wp-json\/wp\/v2\/tags?post=34803"}],"curies":[{"name":"wp","href":"https:\/\/api.w.org\/{rel}","templated":true}]}}