
{"id":34792,"date":"2014-02-25T13:44:30","date_gmt":"2014-02-25T16:44:30","guid":{"rendered":"http:\/\/www.sudoestehoje.com.br\/novoportal\/?p=34792"},"modified":"2014-02-25T13:44:30","modified_gmt":"2014-02-25T16:44:30","slug":"governo-dilma-conduz-economia-como-antes-do-real-diz-campos","status":"publish","type":"post","link":"https:\/\/www.sudoestehoje.com.br\/novoportal\/2014\/02\/25\/governo-dilma-conduz-economia-como-antes-do-real-diz-campos\/","title":{"rendered":"GOVERNO DILMA CONDUZ ECONOMIA COMO &#8220;ANTES DO REAL&#8221;, DIZ CAMPOS"},"content":{"rendered":"<p><a href=\"http:\/\/www.sudoestehoje.com.br\/novoportal\/wp-content\/uploads\/2014\/02\/eduardo-campos_s1.jpg\"><img loading=\"lazy\" decoding=\"async\" class=\"aligncenter size-medium wp-image-34793\" alt=\"eduardo-campos_s1\" src=\"http:\/\/www.sudoestehoje.com.br\/novoportal\/wp-content\/uploads\/2014\/02\/eduardo-campos_s1-500x287.jpg\" width=\"500\" height=\"287\" srcset=\"https:\/\/www.sudoestehoje.com.br\/novoportal\/wp-content\/uploads\/2014\/02\/eduardo-campos_s1-500x287.jpg 500w, https:\/\/www.sudoestehoje.com.br\/novoportal\/wp-content\/uploads\/2014\/02\/eduardo-campos_s1.jpg 554w\" sizes=\"auto, (max-width: 500px) 100vw, 500px\" \/><\/a><\/p>\n<p>Presidenci\u00e1vel do PSB, o governador de Pernambuco Eduardo Campos afirmou nesta segunda-feira (24) a empres\u00e1rios que o governo Dilma Rousseff conduz a economia \u201c\u00e0 maneira que era administrada antes do Real\u201d, plano que levou \u00e0 elei\u00e7\u00e3o de Fernando Henrique Cardoso h\u00e1 20 anos, segundo a coluna Painel, da Folha de S. Paulo. \u201cEstamos segurando pre\u00e7os administrados para segurar infla\u00e7\u00e3o. Cuidando das taxas, n\u00e3o da infla\u00e7\u00e3o\u201d, disse o socialista, de acordo com a publica\u00e7\u00e3o.<\/p>\n<p>Campos teria declarado tamb\u00e9m a empres\u00e1rios no Rio de Janeiro que o setor de energia \u00e9 o mais sacrificado e que a pasta respons\u00e1vel est\u00e1 \u201centregue a S\u00e3o Pedro\u201d.\u00a0Esta \u00e9 a segunda vez em tr\u00eas dias que o governador de Pernambuco faz um coment\u00e1rio elogioso sobre o plano lan\u00e7ado por FHC quando era ministro de Itamar Franco.<\/p>\n","protected":false},"excerpt":{"rendered":"<p>Presidenci\u00e1vel do PSB, o governador de Pernambuco Eduardo Campos afirmou nesta segunda-feira (24) a empres\u00e1rios que o governo Dilma Rousseff conduz a economia \u201c\u00e0 maneira que era administrada antes do Real\u201d, plano que levou \u00e0 elei\u00e7\u00e3o de Fernando Henrique Cardoso h\u00e1 20 anos, segundo a coluna Painel, da Folha de S. Paulo. \u201cEstamos segurando pre\u00e7os [&hellip;]<\/p>\n","protected":false},"author":2,"featured_media":0,"comment_status":"open","ping_status":"open","sticky":false,"template":"","format":"standard","meta":{"footnotes":"","_links_to":"","_links_to_target":""},"categories":[1],"tags":[],"class_list":["post-34792","post","type-post","status-publish","format-standard","hentry","category-geral"],"views":1053,"_links":{"self":[{"href":"https:\/\/www.sudoestehoje.com.br\/novoportal\/wp-json\/wp\/v2\/posts\/34792","targetHints":{"allow":["GET"]}}],"collection":[{"href":"https:\/\/www.sudoestehoje.com.br\/novoportal\/wp-json\/wp\/v2\/posts"}],"about":[{"href":"https:\/\/www.sudoestehoje.com.br\/novoportal\/wp-json\/wp\/v2\/types\/post"}],"author":[{"embeddable":true,"href":"https:\/\/www.sudoestehoje.com.br\/novoportal\/wp-json\/wp\/v2\/users\/2"}],"replies":[{"embeddable":true,"href":"https:\/\/www.sudoestehoje.com.br\/novoportal\/wp-json\/wp\/v2\/comments?post=34792"}],"version-history":[{"count":1,"href":"https:\/\/www.sudoestehoje.com.br\/novoportal\/wp-json\/wp\/v2\/posts\/34792\/revisions"}],"predecessor-version":[{"id":34794,"href":"https:\/\/www.sudoestehoje.com.br\/novoportal\/wp-json\/wp\/v2\/posts\/34792\/revisions\/34794"}],"wp:attachment":[{"href":"https:\/\/www.sudoestehoje.com.br\/novoportal\/wp-json\/wp\/v2\/media?parent=34792"}],"wp:term":[{"taxonomy":"category","embeddable":true,"href":"https:\/\/www.sudoestehoje.com.br\/novoportal\/wp-json\/wp\/v2\/categories?post=34792"},{"taxonomy":"post_tag","embeddable":true,"href":"https:\/\/www.sudoestehoje.com.br\/novoportal\/wp-json\/wp\/v2\/tags?post=34792"}],"curies":[{"name":"wp","href":"https:\/\/api.w.org\/{rel}","templated":true}]}}