
{"id":34787,"date":"2014-02-25T13:18:14","date_gmt":"2014-02-25T16:18:14","guid":{"rendered":"http:\/\/www.sudoestehoje.com.br\/novoportal\/?p=34787"},"modified":"2014-02-25T13:18:14","modified_gmt":"2014-02-25T16:18:14","slug":"wagner-prefere-mulher-para-vice","status":"publish","type":"post","link":"https:\/\/www.sudoestehoje.com.br\/novoportal\/2014\/02\/25\/wagner-prefere-mulher-para-vice\/","title":{"rendered":"WAGNER PREFERE MULHER PARA VICE"},"content":{"rendered":"<div id=\"attachment_34789\" style=\"width: 460px\" class=\"wp-caption aligncenter\"><a href=\"http:\/\/www.sudoestehoje.com.br\/novoportal\/wp-content\/uploads\/2014\/02\/alice.jpg\"><img decoding=\"async\" aria-describedby=\"caption-attachment-34789\" class=\" wp-image-34789 \" alt=\"Deputada Alice Portugal (PCdoB) \u00e9 cotada para formar chapa como vice do petista Rui Costa.\" src=\"http:\/\/www.sudoestehoje.com.br\/novoportal\/wp-content\/uploads\/2014\/02\/alice.jpg\" width=\"450\" \/><\/a><p id=\"caption-attachment-34789\" class=\"wp-caption-text\">Deputada Alice Portugal (PCdoB) \u00e9 cotada para formar chapa como vice do petista Rui Costa.<\/p><\/div>\n<p>O governador da Bahia, Jaques Wagner, revelou ao jornal A TARDE, que v\u00ea com simpatia a ideia da chapa governista com uma mulher no posto de vice. No entanto, Wagner ponderou que essa \u00e9 uma defini\u00e7\u00e3o que passa pelas lideran\u00e7as do PP e do PDT, portanto depende de conversas.<\/p>\n<p>Por enquanto, os dois partidos da base aliada apresentaram barbados para o segundo posto da chapa: M\u00e1rio Negromonte (PP) e Marcelo Nilo (PDT). A escolha de uma mulher, por\u00e9m, \u00e9 percebida como estrat\u00e9gica por muitos governistas.<\/p>\n<p>Caso o apelo feminino ven\u00e7a, as op\u00e7\u00f5es mais ventiladas s\u00e3o Eliana Boaventura (PP), Alice Portugal (PCdoB) e Andr\u00e9a Mendon\u00e7a (PDT).<\/p>\n","protected":false},"excerpt":{"rendered":"<p>O governador da Bahia, Jaques Wagner, revelou ao jornal A TARDE, que v\u00ea com simpatia a ideia da chapa governista com uma mulher no posto de vice. No entanto, Wagner ponderou que essa \u00e9 uma defini\u00e7\u00e3o que passa pelas lideran\u00e7as do PP e do PDT, portanto depende de conversas. Por enquanto, os dois partidos da [&hellip;]<\/p>\n","protected":false},"author":2,"featured_media":0,"comment_status":"open","ping_status":"open","sticky":false,"template":"","format":"standard","meta":{"footnotes":"","_links_to":"","_links_to_target":""},"categories":[1],"tags":[],"class_list":["post-34787","post","type-post","status-publish","format-standard","hentry","category-geral"],"views":1162,"_links":{"self":[{"href":"https:\/\/www.sudoestehoje.com.br\/novoportal\/wp-json\/wp\/v2\/posts\/34787","targetHints":{"allow":["GET"]}}],"collection":[{"href":"https:\/\/www.sudoestehoje.com.br\/novoportal\/wp-json\/wp\/v2\/posts"}],"about":[{"href":"https:\/\/www.sudoestehoje.com.br\/novoportal\/wp-json\/wp\/v2\/types\/post"}],"author":[{"embeddable":true,"href":"https:\/\/www.sudoestehoje.com.br\/novoportal\/wp-json\/wp\/v2\/users\/2"}],"replies":[{"embeddable":true,"href":"https:\/\/www.sudoestehoje.com.br\/novoportal\/wp-json\/wp\/v2\/comments?post=34787"}],"version-history":[{"count":2,"href":"https:\/\/www.sudoestehoje.com.br\/novoportal\/wp-json\/wp\/v2\/posts\/34787\/revisions"}],"predecessor-version":[{"id":34790,"href":"https:\/\/www.sudoestehoje.com.br\/novoportal\/wp-json\/wp\/v2\/posts\/34787\/revisions\/34790"}],"wp:attachment":[{"href":"https:\/\/www.sudoestehoje.com.br\/novoportal\/wp-json\/wp\/v2\/media?parent=34787"}],"wp:term":[{"taxonomy":"category","embeddable":true,"href":"https:\/\/www.sudoestehoje.com.br\/novoportal\/wp-json\/wp\/v2\/categories?post=34787"},{"taxonomy":"post_tag","embeddable":true,"href":"https:\/\/www.sudoestehoje.com.br\/novoportal\/wp-json\/wp\/v2\/tags?post=34787"}],"curies":[{"name":"wp","href":"https:\/\/api.w.org\/{rel}","templated":true}]}}