
{"id":34780,"date":"2014-02-24T23:29:20","date_gmt":"2014-02-25T02:29:20","guid":{"rendered":"http:\/\/www.sudoestehoje.com.br\/novoportal\/?p=34780"},"modified":"2014-02-25T13:22:46","modified_gmt":"2014-02-25T16:22:46","slug":"morre-em-salvador-o-empresario-e-pecuarista-dariosvaldo-coelho","status":"publish","type":"post","link":"https:\/\/www.sudoestehoje.com.br\/novoportal\/2014\/02\/24\/morre-em-salvador-o-empresario-e-pecuarista-dariosvaldo-coelho\/","title":{"rendered":"MORRE EM SALVADOR O EMPRES\u00c1RIO E PECUARISTA DARIOSVALDO COELHO"},"content":{"rendered":"<p><img decoding=\"async\" class=\"alignleft\" alt=\"\" src=\"https:\/\/fbexternal-a.akamaihd.net\/safe_image.php?d=AQAppFLiKTwU4Fkt&amp;w=154&amp;h=154&amp;url=http%3A%2F%2Fwww.blogdodigadiga.com.br%2Fv1%2Fwp-content%2Fuploads%2F2014%2F02%2FDariosvaldo.jpg&amp;cfs=1&amp;sx=0&amp;sy=39&amp;sw=233&amp;sh=233\" width=\"230\" \/><\/p>\n<p>ITAPETINGA: Faleceu em Salvador, nesta segunda-feira, o empres\u00e1rio e pecuarista Dariosvaldo Coelho, membro de uma das mais tradicionais fam\u00edlias de Itapetinga.<\/p>\n<p>Dariosvaldo estava internado em um hospital na capital baiana, depois de sofrer um aneurisma cerebral, que culminou com o seu falecimento.<\/p>\n<p>O corpo est\u00e1 sendo removido para Itapetinga e ser\u00e1 velado no Cerimonial Pax Perfei\u00e7\u00e3o. O sepultamento est\u00e1 previsto para as 13h. Dariosvaldo deixa a esposa N\u00e1dia Anuncia\u00e7\u00e3o e seus quatro filhos,\u00a0Deraldo, Cristiane, Aline e Claudia.<\/p>\n<p>O Sudoeste Hoje manifesta imenso pesar, lamentado o passamento do grande amigo.<\/p>\n<p><strong><em>Davi Ferraz\u00a0<\/em><\/strong><\/p>\n","protected":false},"excerpt":{"rendered":"<p>ITAPETINGA: Faleceu em Salvador, nesta segunda-feira, o empres\u00e1rio e pecuarista Dariosvaldo Coelho, membro de uma das mais tradicionais fam\u00edlias de Itapetinga. Dariosvaldo estava internado em um hospital na capital baiana, depois de sofrer um aneurisma cerebral, que culminou com o seu falecimento. O corpo est\u00e1 sendo removido para Itapetinga e ser\u00e1 velado no Cerimonial Pax [&hellip;]<\/p>\n","protected":false},"author":2,"featured_media":0,"comment_status":"open","ping_status":"open","sticky":false,"template":"","format":"standard","meta":{"footnotes":"","_links_to":"","_links_to_target":""},"categories":[1],"tags":[],"class_list":["post-34780","post","type-post","status-publish","format-standard","hentry","category-geral"],"views":1286,"_links":{"self":[{"href":"https:\/\/www.sudoestehoje.com.br\/novoportal\/wp-json\/wp\/v2\/posts\/34780","targetHints":{"allow":["GET"]}}],"collection":[{"href":"https:\/\/www.sudoestehoje.com.br\/novoportal\/wp-json\/wp\/v2\/posts"}],"about":[{"href":"https:\/\/www.sudoestehoje.com.br\/novoportal\/wp-json\/wp\/v2\/types\/post"}],"author":[{"embeddable":true,"href":"https:\/\/www.sudoestehoje.com.br\/novoportal\/wp-json\/wp\/v2\/users\/2"}],"replies":[{"embeddable":true,"href":"https:\/\/www.sudoestehoje.com.br\/novoportal\/wp-json\/wp\/v2\/comments?post=34780"}],"version-history":[{"count":5,"href":"https:\/\/www.sudoestehoje.com.br\/novoportal\/wp-json\/wp\/v2\/posts\/34780\/revisions"}],"predecessor-version":[{"id":34791,"href":"https:\/\/www.sudoestehoje.com.br\/novoportal\/wp-json\/wp\/v2\/posts\/34780\/revisions\/34791"}],"wp:attachment":[{"href":"https:\/\/www.sudoestehoje.com.br\/novoportal\/wp-json\/wp\/v2\/media?parent=34780"}],"wp:term":[{"taxonomy":"category","embeddable":true,"href":"https:\/\/www.sudoestehoje.com.br\/novoportal\/wp-json\/wp\/v2\/categories?post=34780"},{"taxonomy":"post_tag","embeddable":true,"href":"https:\/\/www.sudoestehoje.com.br\/novoportal\/wp-json\/wp\/v2\/tags?post=34780"}],"curies":[{"name":"wp","href":"https:\/\/api.w.org\/{rel}","templated":true}]}}