
{"id":3477,"date":"2011-02-17T10:43:33","date_gmt":"2011-02-17T13:43:33","guid":{"rendered":"http:\/\/www.sudoestehoje.com.br\/novoportal\/?p=3477"},"modified":"2011-02-18T23:37:54","modified_gmt":"2011-02-19T02:37:54","slug":"descanso-merecido","status":"publish","type":"post","link":"https:\/\/www.sudoestehoje.com.br\/novoportal\/2011\/02\/17\/descanso-merecido\/","title":{"rendered":"DESCANSO &#8216;MERECIDO&#8217;"},"content":{"rendered":"<p style=\"text-align: center;\"><a id=\"apf1\" href=\"http:\/\/www.google.com.br\/imgres?imgurl=http:\/\/itabatanews.com.br\/news\/_lib\/file\/img\/aviao-tam.jpg&amp;imgrefurl=http:\/\/itabatanews.com.br\/leitor.php%3Fcod%3D2015&amp;usg=__g_QmUoOiSdn_5gxJ62VFSq2M57w=&amp;h=382&amp;w=595&amp;sz=31&amp;hl=pt-br&amp;start=2&amp;zoom=1&amp;um=1&amp;itbs=1&amp;tbnid=qjuCKC5xxUzCLM:&amp;tbnh=87&amp;tbnw=135&amp;prev=\/images%3Fq%3Daviao%2Bda%2Btam%2Bem%2Bsalvador%26um%3D1%26hl%3Dpt-br%26sa%3DN%26rlz%3D1R2ADBS_pt-BRBR354%26tbs%3Disch:1&amp;ei=USVdTYe8OIOB8gans5XNCg\"><img loading=\"lazy\" decoding=\"async\" id=\"ipfqjuCKC5xxUzCLM:\" class=\"aligncenter\" src=\"http:\/\/t2.gstatic.com\/images?q=tbn:ANd9GcTZt2Qd5UN2lH1NTz4yUby-sCpEQw-j0JFNNN7FtPMApkjRnjOwF7fe8wY\" alt=\"\" width=\"135\" height=\"87\" \/><\/a><\/p>\n<p>Depois de um ano de muito &#8216;trabalho&#8217;, o prefeito Z\u00e9 Carlos resolveu tirar uns dias de descanso no Rio Grande do Sul\u00a0 ( ou Argentina?), juntamente com a sua dign\u00edssima primeira dama.\u00a0Pegou um v\u00f4o da TAM em Salvador, com destino ao Sul.\u00a0A informa\u00e7\u00e3o nos foi repassada por pessoa que se diz &#8216;\u00edntima&#8217; da familia Moura, em tom\u00a0esnobe. Verdade ou n\u00e3o, o nosso alcaide bem que merece um bom descanso, pois tem trabalhado &#8216;incansavelmente&#8217;, desde que assumiu o seu &#8216;governo das mudan\u00e7as&#8217;. Que as f\u00e9rias se prolonguem&#8230;<\/p>\n","protected":false},"excerpt":{"rendered":"<p>Depois de um ano de muito &#8216;trabalho&#8217;, o prefeito Z\u00e9 Carlos resolveu tirar uns dias de descanso no Rio Grande do Sul\u00a0 ( ou Argentina?), juntamente com a sua dign\u00edssima primeira dama.\u00a0Pegou um v\u00f4o da TAM em Salvador, com destino ao Sul.\u00a0A informa\u00e7\u00e3o nos foi repassada por pessoa que se diz &#8216;\u00edntima&#8217; da familia Moura, [&hellip;]<\/p>\n","protected":false},"author":2,"featured_media":0,"comment_status":"open","ping_status":"open","sticky":false,"template":"","format":"standard","meta":{"footnotes":"","_links_to":"","_links_to_target":""},"categories":[11],"tags":[],"class_list":["post-3477","post","type-post","status-publish","format-standard","hentry","category-quentinhas"],"views":1130,"_links":{"self":[{"href":"https:\/\/www.sudoestehoje.com.br\/novoportal\/wp-json\/wp\/v2\/posts\/3477","targetHints":{"allow":["GET"]}}],"collection":[{"href":"https:\/\/www.sudoestehoje.com.br\/novoportal\/wp-json\/wp\/v2\/posts"}],"about":[{"href":"https:\/\/www.sudoestehoje.com.br\/novoportal\/wp-json\/wp\/v2\/types\/post"}],"author":[{"embeddable":true,"href":"https:\/\/www.sudoestehoje.com.br\/novoportal\/wp-json\/wp\/v2\/users\/2"}],"replies":[{"embeddable":true,"href":"https:\/\/www.sudoestehoje.com.br\/novoportal\/wp-json\/wp\/v2\/comments?post=3477"}],"version-history":[{"count":3,"href":"https:\/\/www.sudoestehoje.com.br\/novoportal\/wp-json\/wp\/v2\/posts\/3477\/revisions"}],"predecessor-version":[{"id":3479,"href":"https:\/\/www.sudoestehoje.com.br\/novoportal\/wp-json\/wp\/v2\/posts\/3477\/revisions\/3479"}],"wp:attachment":[{"href":"https:\/\/www.sudoestehoje.com.br\/novoportal\/wp-json\/wp\/v2\/media?parent=3477"}],"wp:term":[{"taxonomy":"category","embeddable":true,"href":"https:\/\/www.sudoestehoje.com.br\/novoportal\/wp-json\/wp\/v2\/categories?post=3477"},{"taxonomy":"post_tag","embeddable":true,"href":"https:\/\/www.sudoestehoje.com.br\/novoportal\/wp-json\/wp\/v2\/tags?post=3477"}],"curies":[{"name":"wp","href":"https:\/\/api.w.org\/{rel}","templated":true}]}}