
{"id":34737,"date":"2014-02-24T19:13:41","date_gmt":"2014-02-24T22:13:41","guid":{"rendered":"http:\/\/www.sudoestehoje.com.br\/novoportal\/?p=34737"},"modified":"2014-02-24T19:14:58","modified_gmt":"2014-02-24T22:14:58","slug":"roberto-jefferson-e-preso-e-deve-cumprir-pena-em-niteroi","status":"publish","type":"post","link":"https:\/\/www.sudoestehoje.com.br\/novoportal\/2014\/02\/24\/roberto-jefferson-e-preso-e-deve-cumprir-pena-em-niteroi\/","title":{"rendered":"ROBERTO JEFFERSON \u00c9 PRESO E DEVE CUMPRIR PENA EM NITER\u00d3I"},"content":{"rendered":"<p><a href=\"http:\/\/www.sudoestehoje.com.br\/novoportal\/wp-content\/uploads\/2014\/02\/JEFFERSON.jpg\"><img loading=\"lazy\" decoding=\"async\" class=\"aligncenter size-medium wp-image-34738\" alt=\"PF cumpre mandado do STF e prende Roberto Jefferson\" src=\"http:\/\/www.sudoestehoje.com.br\/novoportal\/wp-content\/uploads\/2014\/02\/JEFFERSON-500x333.jpg\" width=\"500\" height=\"333\" srcset=\"https:\/\/www.sudoestehoje.com.br\/novoportal\/wp-content\/uploads\/2014\/02\/JEFFERSON-500x333.jpg 500w, https:\/\/www.sudoestehoje.com.br\/novoportal\/wp-content\/uploads\/2014\/02\/JEFFERSON.jpg 620w\" sizes=\"auto, (max-width: 500px) 100vw, 500px\" \/><\/a><\/p>\n<p>O ex-deputado federal Roberto Jefferson chegou ao Pres\u00eddio Ary Franco, em \u00c1gua Santa, entrada do sistema penitenci\u00e1rio do Rio de Janeiro, por volta das 16h15. Segundo a Ag\u00eancia Brasil, ele ainda passar\u00e1 pela Unidade de Pronto Atendimento de Bangu, para fazer exames que confirmar\u00e3o onde ele ficar\u00e1 preso.<\/p>\n<p>A princ\u00edpio, Pol\u00edcia Federal informou \u00e0 defesa na tarde desta segunda-feira que ele cumprir\u00e1 a pena de sete anos e 14 dias no Instituto Penal Israel Pena, em Niter\u00f3i, de acordo com informa\u00e7\u00f5es da Folha de S\u00e3o Paulo. Al\u00e9m da pris\u00e3o em regime semiaberto, Jefferson foi condenado no processo do mensal\u00e3o a pagar uma multa de R$ 720,8 mil.<\/p>\n","protected":false},"excerpt":{"rendered":"<p>O ex-deputado federal Roberto Jefferson chegou ao Pres\u00eddio Ary Franco, em \u00c1gua Santa, entrada do sistema penitenci\u00e1rio do Rio de Janeiro, por volta das 16h15. Segundo a Ag\u00eancia Brasil, ele ainda passar\u00e1 pela Unidade de Pronto Atendimento de Bangu, para fazer exames que confirmar\u00e3o onde ele ficar\u00e1 preso. A princ\u00edpio, Pol\u00edcia Federal informou \u00e0 defesa [&hellip;]<\/p>\n","protected":false},"author":2,"featured_media":0,"comment_status":"open","ping_status":"open","sticky":false,"template":"","format":"standard","meta":{"footnotes":"","_links_to":"","_links_to_target":""},"categories":[1],"tags":[],"class_list":["post-34737","post","type-post","status-publish","format-standard","hentry","category-geral"],"views":1164,"_links":{"self":[{"href":"https:\/\/www.sudoestehoje.com.br\/novoportal\/wp-json\/wp\/v2\/posts\/34737","targetHints":{"allow":["GET"]}}],"collection":[{"href":"https:\/\/www.sudoestehoje.com.br\/novoportal\/wp-json\/wp\/v2\/posts"}],"about":[{"href":"https:\/\/www.sudoestehoje.com.br\/novoportal\/wp-json\/wp\/v2\/types\/post"}],"author":[{"embeddable":true,"href":"https:\/\/www.sudoestehoje.com.br\/novoportal\/wp-json\/wp\/v2\/users\/2"}],"replies":[{"embeddable":true,"href":"https:\/\/www.sudoestehoje.com.br\/novoportal\/wp-json\/wp\/v2\/comments?post=34737"}],"version-history":[{"count":2,"href":"https:\/\/www.sudoestehoje.com.br\/novoportal\/wp-json\/wp\/v2\/posts\/34737\/revisions"}],"predecessor-version":[{"id":34740,"href":"https:\/\/www.sudoestehoje.com.br\/novoportal\/wp-json\/wp\/v2\/posts\/34737\/revisions\/34740"}],"wp:attachment":[{"href":"https:\/\/www.sudoestehoje.com.br\/novoportal\/wp-json\/wp\/v2\/media?parent=34737"}],"wp:term":[{"taxonomy":"category","embeddable":true,"href":"https:\/\/www.sudoestehoje.com.br\/novoportal\/wp-json\/wp\/v2\/categories?post=34737"},{"taxonomy":"post_tag","embeddable":true,"href":"https:\/\/www.sudoestehoje.com.br\/novoportal\/wp-json\/wp\/v2\/tags?post=34737"}],"curies":[{"name":"wp","href":"https:\/\/api.w.org\/{rel}","templated":true}]}}