
{"id":3472,"date":"2011-02-16T22:51:07","date_gmt":"2011-02-17T01:51:07","guid":{"rendered":"http:\/\/www.sudoestehoje.com.br\/novoportal\/?p=3472"},"modified":"2011-02-16T23:15:19","modified_gmt":"2011-02-17T02:15:19","slug":"camara-aprova-salario-minimo-de-r-54500","status":"publish","type":"post","link":"https:\/\/www.sudoestehoje.com.br\/novoportal\/2011\/02\/16\/camara-aprova-salario-minimo-de-r-54500\/","title":{"rendered":"C\u00c2MARA APROVA M\u00cdNIMO DE R$ 545,00"},"content":{"rendered":"<p style=\"text-align: center;\"><img decoding=\"async\" class=\"aligncenter\" src=\"http:\/\/becazavatini.files.wordpress.com\/2011\/02\/charge_dilma_minimo.jpg?w=465&amp;h=285\" alt=\"\" \/><\/p>\n<p>\u00a0<\/p>\n<p>A C\u00e2mara dos Deputados aprovou em vota\u00e7\u00e3o simb\u00f3lica na noite desta quarta-feira (16) o projeto de lei do Executivo que estabelece diretrizes para a valoriza\u00e7\u00e3o do sal\u00e1rio m\u00ednimo entre 2012 e 2015 e fixa em R$ 545 o valor do novo m\u00ednimo. A proposta do governo para reajuste do m\u00ednimo at\u00e9 2015 tem como base para os reajustes o \u00edndice da infla\u00e7\u00e3o mais a varia\u00e7\u00e3o do Produto Interno Bruto (PIB) dos dois anos anteriores. Duas emendas que ser\u00e3o votadas na noite desta quarta ainda podem alterar o valor previsto no projeto do governo (R$ 545). Uma das propostas, apoiada pela bancada do DEM e parte da bancada do PDT, prev\u00ea a eleva\u00e7\u00e3o do valor para R$ 560. A outra, do PSDB, estabelece um sal\u00e1rio m\u00ednimo de R$ 600. As duas emendas ser\u00e3o votadas individualmente, em vota\u00e7\u00e3o nominal. (G1)<\/p>\n","protected":false},"excerpt":{"rendered":"<p>\u00a0 A C\u00e2mara dos Deputados aprovou em vota\u00e7\u00e3o simb\u00f3lica na noite desta quarta-feira (16) o projeto de lei do Executivo que estabelece diretrizes para a valoriza\u00e7\u00e3o do sal\u00e1rio m\u00ednimo entre 2012 e 2015 e fixa em R$ 545 o valor do novo m\u00ednimo. A proposta do governo para reajuste do m\u00ednimo at\u00e9 2015 tem como [&hellip;]<\/p>\n","protected":false},"author":2,"featured_media":0,"comment_status":"open","ping_status":"open","sticky":false,"template":"","format":"standard","meta":{"footnotes":"","_links_to":"","_links_to_target":""},"categories":[1],"tags":[],"class_list":["post-3472","post","type-post","status-publish","format-standard","hentry","category-geral"],"views":1785,"_links":{"self":[{"href":"https:\/\/www.sudoestehoje.com.br\/novoportal\/wp-json\/wp\/v2\/posts\/3472","targetHints":{"allow":["GET"]}}],"collection":[{"href":"https:\/\/www.sudoestehoje.com.br\/novoportal\/wp-json\/wp\/v2\/posts"}],"about":[{"href":"https:\/\/www.sudoestehoje.com.br\/novoportal\/wp-json\/wp\/v2\/types\/post"}],"author":[{"embeddable":true,"href":"https:\/\/www.sudoestehoje.com.br\/novoportal\/wp-json\/wp\/v2\/users\/2"}],"replies":[{"embeddable":true,"href":"https:\/\/www.sudoestehoje.com.br\/novoportal\/wp-json\/wp\/v2\/comments?post=3472"}],"version-history":[{"count":4,"href":"https:\/\/www.sudoestehoje.com.br\/novoportal\/wp-json\/wp\/v2\/posts\/3472\/revisions"}],"predecessor-version":[{"id":3475,"href":"https:\/\/www.sudoestehoje.com.br\/novoportal\/wp-json\/wp\/v2\/posts\/3472\/revisions\/3475"}],"wp:attachment":[{"href":"https:\/\/www.sudoestehoje.com.br\/novoportal\/wp-json\/wp\/v2\/media?parent=3472"}],"wp:term":[{"taxonomy":"category","embeddable":true,"href":"https:\/\/www.sudoestehoje.com.br\/novoportal\/wp-json\/wp\/v2\/categories?post=3472"},{"taxonomy":"post_tag","embeddable":true,"href":"https:\/\/www.sudoestehoje.com.br\/novoportal\/wp-json\/wp\/v2\/tags?post=3472"}],"curies":[{"name":"wp","href":"https:\/\/api.w.org\/{rel}","templated":true}]}}