
{"id":34708,"date":"2014-02-22T23:35:39","date_gmt":"2014-02-23T02:35:39","guid":{"rendered":"http:\/\/www.sudoestehoje.com.br\/novoportal\/?p=34708"},"modified":"2014-02-22T23:36:17","modified_gmt":"2014-02-23T02:36:17","slug":"rodovia-federal-no-para","status":"publish","type":"post","link":"https:\/\/www.sudoestehoje.com.br\/novoportal\/2014\/02\/22\/rodovia-federal-no-para\/","title":{"rendered":"RODOVIA FEDERAL NO PAR\u00c1&#8230;"},"content":{"rendered":"<div id=\"attachment_34709\" style=\"width: 510px\" class=\"wp-caption aligncenter\"><a href=\"http:\/\/www.sudoestehoje.com.br\/novoportal\/wp-content\/uploads\/2014\/02\/RODOVIA-FEDERAL.jpg\"><img decoding=\"async\" aria-describedby=\"caption-attachment-34709\" class=\" wp-image-34709 \" alt=\"Esta foto de de um blog do Amazonas, mostrando a situa\u00e7\u00e3o de uma rodovia federal no interior do Par\u00e1. \" src=\"http:\/\/www.sudoestehoje.com.br\/novoportal\/wp-content\/uploads\/2014\/02\/RODOVIA-FEDERAL.jpg\" width=\"500\" \/><\/a><p id=\"caption-attachment-34709\" class=\"wp-caption-text\">Esta foto \u00e9 de um blog do Estado do Amazonas, mostrando a situa\u00e7\u00e3o de uma rodovia federal no interior do Par\u00e1. Um descaso impressionante! \u00c9 o Brasil no atoleiro&#8230;<\/p><\/div>\n","protected":false},"excerpt":{"rendered":"","protected":false},"author":2,"featured_media":0,"comment_status":"open","ping_status":"open","sticky":false,"template":"","format":"standard","meta":{"footnotes":"","_links_to":"","_links_to_target":""},"categories":[1],"tags":[],"class_list":["post-34708","post","type-post","status-publish","format-standard","hentry","category-geral"],"views":2468,"_links":{"self":[{"href":"https:\/\/www.sudoestehoje.com.br\/novoportal\/wp-json\/wp\/v2\/posts\/34708","targetHints":{"allow":["GET"]}}],"collection":[{"href":"https:\/\/www.sudoestehoje.com.br\/novoportal\/wp-json\/wp\/v2\/posts"}],"about":[{"href":"https:\/\/www.sudoestehoje.com.br\/novoportal\/wp-json\/wp\/v2\/types\/post"}],"author":[{"embeddable":true,"href":"https:\/\/www.sudoestehoje.com.br\/novoportal\/wp-json\/wp\/v2\/users\/2"}],"replies":[{"embeddable":true,"href":"https:\/\/www.sudoestehoje.com.br\/novoportal\/wp-json\/wp\/v2\/comments?post=34708"}],"version-history":[{"count":2,"href":"https:\/\/www.sudoestehoje.com.br\/novoportal\/wp-json\/wp\/v2\/posts\/34708\/revisions"}],"predecessor-version":[{"id":34711,"href":"https:\/\/www.sudoestehoje.com.br\/novoportal\/wp-json\/wp\/v2\/posts\/34708\/revisions\/34711"}],"wp:attachment":[{"href":"https:\/\/www.sudoestehoje.com.br\/novoportal\/wp-json\/wp\/v2\/media?parent=34708"}],"wp:term":[{"taxonomy":"category","embeddable":true,"href":"https:\/\/www.sudoestehoje.com.br\/novoportal\/wp-json\/wp\/v2\/categories?post=34708"},{"taxonomy":"post_tag","embeddable":true,"href":"https:\/\/www.sudoestehoje.com.br\/novoportal\/wp-json\/wp\/v2\/tags?post=34708"}],"curies":[{"name":"wp","href":"https:\/\/api.w.org\/{rel}","templated":true}]}}