
{"id":34689,"date":"2014-02-22T00:01:47","date_gmt":"2014-02-22T03:01:47","guid":{"rendered":"http:\/\/www.sudoestehoje.com.br\/novoportal\/?p=34689"},"modified":"2014-02-22T00:01:47","modified_gmt":"2014-02-22T03:01:47","slug":"itambe-justica-decreta-bloqueio-dos-bens-do-ex-prefeito-moacir","status":"publish","type":"post","link":"https:\/\/www.sudoestehoje.com.br\/novoportal\/2014\/02\/22\/itambe-justica-decreta-bloqueio-dos-bens-do-ex-prefeito-moacir\/","title":{"rendered":"ITAMB\u00c9: JUSTI\u00c7A DECRETA BLOQUEIO DOS BENS DO EX-PREFEITO MOACIR"},"content":{"rendered":"<p><a href=\"http:\/\/www.sudoestehoje.com.br\/novoportal\/wp-content\/uploads\/2014\/02\/moacir.jpg\"><img loading=\"lazy\" decoding=\"async\" class=\"aligncenter size-full wp-image-34690\" alt=\"moacir\" src=\"http:\/\/www.sudoestehoje.com.br\/novoportal\/wp-content\/uploads\/2014\/02\/moacir.jpg\" width=\"500\" height=\"335\" \/><\/a><\/p>\n<p>A 2\u00aa Vara Federal de Vit\u00f3ria da Conquista, publicou nesta quarta-feira (19), decreto tornando indispon\u00edveis os bens do ex-prefeito Moacir Andrade e da empresa AOS Engenharia e Empreendimentos Ltda, que respondem a A\u00e7\u00e3o Civil de Improbidade Administrativa, na 2\u00aa Vara Federal de Vit\u00f3ria da Conquista, processo n\u00ba 0001350-74.2013.4.01.3307.\u00a0<span style=\"line-height: 1.5em;\">Segundo o Decreto, o bloqueio \u00e9 para garantir o ressarcimento, a t\u00edtulo de repara\u00e7\u00e3o de (R$ 63.578,51), sendo recolhidos aos cofres p\u00fablicos. <\/span><\/p>\n<p><span style=\"line-height: 1.5em;\">A Justi\u00e7a Federal determinou ainda a expedi\u00e7\u00e3o de of\u00edcios aos Cart\u00f3rios do Registro de Im\u00f3veis das Comarcas de Itamb\u00e9 e Vit\u00f3ria da Conquista, para que de em cumprimento a esta ordem, tornando indispon\u00edveis os bens im\u00f3veis, eventualmente existentes em nome de Moacir Santos Andrade e AOS Engenharia e Empreendimentos Ltda. <\/span><\/p>\n<p><span style=\"line-height: 1.5em;\">A justi\u00e7a determinou ainda o bloqueio via sistema Renajud, da ordem de indisponibilidade sobre ve\u00edculos automotores, e tamb\u00e9m o bloqueio de valores existentes em institui\u00e7\u00f5es financeiras, por meio do Sistema Bacenjud.\u00a0Os requeridos ser\u00e3o notificados e ter\u00e3o prazo de 15 dias para se manifestar por escrito. Itamb\u00e9 Agora<\/span><\/p>\n","protected":false},"excerpt":{"rendered":"<p>A 2\u00aa Vara Federal de Vit\u00f3ria da Conquista, publicou nesta quarta-feira (19), decreto tornando indispon\u00edveis os bens do ex-prefeito Moacir Andrade e da empresa AOS Engenharia e Empreendimentos Ltda, que respondem a A\u00e7\u00e3o Civil de Improbidade Administrativa, na 2\u00aa Vara Federal de Vit\u00f3ria da Conquista, processo n\u00ba 0001350-74.2013.4.01.3307.\u00a0Segundo o Decreto, o bloqueio \u00e9 para garantir [&hellip;]<\/p>\n","protected":false},"author":2,"featured_media":0,"comment_status":"open","ping_status":"open","sticky":false,"template":"","format":"standard","meta":{"footnotes":"","_links_to":"","_links_to_target":""},"categories":[1],"tags":[],"class_list":["post-34689","post","type-post","status-publish","format-standard","hentry","category-geral"],"views":2058,"_links":{"self":[{"href":"https:\/\/www.sudoestehoje.com.br\/novoportal\/wp-json\/wp\/v2\/posts\/34689","targetHints":{"allow":["GET"]}}],"collection":[{"href":"https:\/\/www.sudoestehoje.com.br\/novoportal\/wp-json\/wp\/v2\/posts"}],"about":[{"href":"https:\/\/www.sudoestehoje.com.br\/novoportal\/wp-json\/wp\/v2\/types\/post"}],"author":[{"embeddable":true,"href":"https:\/\/www.sudoestehoje.com.br\/novoportal\/wp-json\/wp\/v2\/users\/2"}],"replies":[{"embeddable":true,"href":"https:\/\/www.sudoestehoje.com.br\/novoportal\/wp-json\/wp\/v2\/comments?post=34689"}],"version-history":[{"count":1,"href":"https:\/\/www.sudoestehoje.com.br\/novoportal\/wp-json\/wp\/v2\/posts\/34689\/revisions"}],"predecessor-version":[{"id":34691,"href":"https:\/\/www.sudoestehoje.com.br\/novoportal\/wp-json\/wp\/v2\/posts\/34689\/revisions\/34691"}],"wp:attachment":[{"href":"https:\/\/www.sudoestehoje.com.br\/novoportal\/wp-json\/wp\/v2\/media?parent=34689"}],"wp:term":[{"taxonomy":"category","embeddable":true,"href":"https:\/\/www.sudoestehoje.com.br\/novoportal\/wp-json\/wp\/v2\/categories?post=34689"},{"taxonomy":"post_tag","embeddable":true,"href":"https:\/\/www.sudoestehoje.com.br\/novoportal\/wp-json\/wp\/v2\/tags?post=34689"}],"curies":[{"name":"wp","href":"https:\/\/api.w.org\/{rel}","templated":true}]}}