
{"id":34681,"date":"2014-02-21T13:18:02","date_gmt":"2014-02-21T16:18:02","guid":{"rendered":"http:\/\/www.sudoestehoje.com.br\/novoportal\/?p=34681"},"modified":"2014-02-21T13:18:02","modified_gmt":"2014-02-21T16:18:02","slug":"geddel-e-paulo-souto-podem-disputar-governo-em-chapas-separadas","status":"publish","type":"post","link":"https:\/\/www.sudoestehoje.com.br\/novoportal\/2014\/02\/21\/geddel-e-paulo-souto-podem-disputar-governo-em-chapas-separadas\/","title":{"rendered":"GEDDEL E PAULO SOUTO PODEM DISPUTAR GOVERNO EM CHAPAS SEPARADAS"},"content":{"rendered":"<p style=\"text-align: center;\"><a href=\"http:\/\/www.sudoestehoje.com.br\/novoportal\/wp-content\/uploads\/2014\/02\/NETO.jpg\"><img decoding=\"async\" class=\"aligncenter  wp-image-34682\" alt=\"NETO\" src=\"http:\/\/www.sudoestehoje.com.br\/novoportal\/wp-content\/uploads\/2014\/02\/NETO.jpg\" width=\"450\" \/><\/a><\/p>\n<p>O prefeito de Salvador ACM Neto (DEM), principal articulador da oposi\u00e7\u00e3o para\u00a0 composi\u00e7\u00e3o da chapa majorit\u00e1ria que disputar\u00e1 as elei\u00e7\u00f5es de outubro pr\u00f3ximo, admitiu pela primeira vez, em entrevista esta semana \u00e0 R\u00e1dio Metr\u00f3pole, que existe a possibilidade de rompimento entre democratas e peemedebistas, com Paulo Souto (DEM) e Geddel Vieira Lima (PMDB), sendo candidatos ao governo do Estado, em chapas separadas.<\/p>\n<p>\u201cEu n\u00e3o posso obrigar ningu\u00e9m a nada. Eu n\u00e3o vou colocar a faca no pesco\u00e7o\u201d, disse ACM Neto referindo-se \u00e0s dificuldades que vem encontrando para a composi\u00e7\u00e3o de uma chapa \u00fanica com um sendo candidato ao governo e o outro ao senado.\u00a0Neto afirmou que a articula\u00e7\u00e3o que ele vem buscando \u00e9 para que um racha entre os dois partidos n\u00e3o aconte\u00e7a. \u201cO momento de decis\u00e3o est\u00e1 a porta, mas a batida do martelo fica mantida para depois do Carnaval. As conversas est\u00e3o intensas\u201d, disse.<\/p>\n<p>O prefeito da capital tamb\u00e9m foi\u00a0 questionado se \u00a0ele [ACM Neto] chegaria a ser o terceiro nome para encabe\u00e7ar a chapa de consenso, mas n\u00e3o titubeou e disse que de jeito nenhum. \u201cN\u00e3o h\u00e1 hip\u00f3tese. O legado que a gente tem que deixar para Salvador n\u00e3o \u00e9 o que foi feito at\u00e9 agora: vai at\u00e9 2016. Eu disse isso claramente quando fui candidato a prefeito\u201d, lembrou<em>. Tribuna da Bahia<\/em><\/p>\n","protected":false},"excerpt":{"rendered":"<p>O prefeito de Salvador ACM Neto (DEM), principal articulador da oposi\u00e7\u00e3o para\u00a0 composi\u00e7\u00e3o da chapa majorit\u00e1ria que disputar\u00e1 as elei\u00e7\u00f5es de outubro pr\u00f3ximo, admitiu pela primeira vez, em entrevista esta semana \u00e0 R\u00e1dio Metr\u00f3pole, que existe a possibilidade de rompimento entre democratas e peemedebistas, com Paulo Souto (DEM) e Geddel Vieira Lima (PMDB), sendo candidatos [&hellip;]<\/p>\n","protected":false},"author":2,"featured_media":0,"comment_status":"open","ping_status":"open","sticky":false,"template":"","format":"standard","meta":{"footnotes":"","_links_to":"","_links_to_target":""},"categories":[1],"tags":[],"class_list":["post-34681","post","type-post","status-publish","format-standard","hentry","category-geral"],"views":1407,"_links":{"self":[{"href":"https:\/\/www.sudoestehoje.com.br\/novoportal\/wp-json\/wp\/v2\/posts\/34681","targetHints":{"allow":["GET"]}}],"collection":[{"href":"https:\/\/www.sudoestehoje.com.br\/novoportal\/wp-json\/wp\/v2\/posts"}],"about":[{"href":"https:\/\/www.sudoestehoje.com.br\/novoportal\/wp-json\/wp\/v2\/types\/post"}],"author":[{"embeddable":true,"href":"https:\/\/www.sudoestehoje.com.br\/novoportal\/wp-json\/wp\/v2\/users\/2"}],"replies":[{"embeddable":true,"href":"https:\/\/www.sudoestehoje.com.br\/novoportal\/wp-json\/wp\/v2\/comments?post=34681"}],"version-history":[{"count":1,"href":"https:\/\/www.sudoestehoje.com.br\/novoportal\/wp-json\/wp\/v2\/posts\/34681\/revisions"}],"predecessor-version":[{"id":34683,"href":"https:\/\/www.sudoestehoje.com.br\/novoportal\/wp-json\/wp\/v2\/posts\/34681\/revisions\/34683"}],"wp:attachment":[{"href":"https:\/\/www.sudoestehoje.com.br\/novoportal\/wp-json\/wp\/v2\/media?parent=34681"}],"wp:term":[{"taxonomy":"category","embeddable":true,"href":"https:\/\/www.sudoestehoje.com.br\/novoportal\/wp-json\/wp\/v2\/categories?post=34681"},{"taxonomy":"post_tag","embeddable":true,"href":"https:\/\/www.sudoestehoje.com.br\/novoportal\/wp-json\/wp\/v2\/tags?post=34681"}],"curies":[{"name":"wp","href":"https:\/\/api.w.org\/{rel}","templated":true}]}}