
{"id":34673,"date":"2014-02-20T23:54:54","date_gmt":"2014-02-21T02:54:54","guid":{"rendered":"http:\/\/www.sudoestehoje.com.br\/novoportal\/?p=34673"},"modified":"2014-02-20T23:58:44","modified_gmt":"2014-02-21T02:58:44","slug":"divorcio-a-vista-no-pt","status":"publish","type":"post","link":"https:\/\/www.sudoestehoje.com.br\/novoportal\/2014\/02\/20\/divorcio-a-vista-no-pt\/","title":{"rendered":"DIV\u00d3RCIO \u00c0 VISTA NO PT"},"content":{"rendered":"<p><a href=\"http:\/\/www.sudoestehoje.com.br\/novoportal\/wp-content\/uploads\/2014\/02\/DSC00668.jpg\"><img loading=\"lazy\" decoding=\"async\" class=\"aligncenter size-full wp-image-34674\" alt=\"DSC00668\" src=\"http:\/\/www.sudoestehoje.com.br\/novoportal\/wp-content\/uploads\/2014\/02\/DSC00668.jpg\" width=\"500\" height=\"218\" \/><\/a><\/p>\n<p>Segundo o Blog Pimenta, o deputado estadual Rosemberg Pinto e o federal Geraldo Sim\u00f5es, ambos do PT, est\u00e3o com as rela\u00e7\u00f5es estremecidas.\u00a0Em 2010, os dois petistas fizeram dobradinha em v\u00e1rios munic\u00edpios, mas, agora em 2014, Geraldo tem retornado \u00e0s mesmas bases, por\u00e9m o objetivo passou a ser cuidar do pr\u00f3prio quintal. Ou seja, pedir votos para si mesmo e para o filho, Tiago Feitosa, que ser\u00e1 candidato a deputado estadual pelo PSL.<\/p>\n<p>Rosemberg diz que tem recebido pessoas dessas bases e que muitas delas veem a postura de Geraldo como desleal. O deputado estadual acredita que, nas costuras feitas em 2014, seu apoio foi mais decisivo do que a ajuda que recebeu do correligion\u00e1rio.\u00a0\u201cNa elei\u00e7\u00e3o passada, Geraldo n\u00e3o me levou a lugar nenhum, eu que o levei\u201d, assegura Rosemberg, que diz n\u00e3o ter o que perder em caso de rompimento com o ex-parceiro.<\/p>\n<p>Rosemberg diz a verdade, pelo menos no que refere se a Itapetinga, onde o peso pesado Geraldinho era totalmente desconhecido e recebeu boas vota\u00e7\u00f5es, gra\u00e7as ao seu parceiro. T\u00e1 na hora desse &#8216;encosto&#8217; ser substitu\u00eddo por um deputado federal mais atuante, viu Roseemberg?<\/p>\n<p><strong><em>Da Reda\u00e7\u00e3o<\/em><\/strong><\/p>\n","protected":false},"excerpt":{"rendered":"<p>Segundo o Blog Pimenta, o deputado estadual Rosemberg Pinto e o federal Geraldo Sim\u00f5es, ambos do PT, est\u00e3o com as rela\u00e7\u00f5es estremecidas.\u00a0Em 2010, os dois petistas fizeram dobradinha em v\u00e1rios munic\u00edpios, mas, agora em 2014, Geraldo tem retornado \u00e0s mesmas bases, por\u00e9m o objetivo passou a ser cuidar do pr\u00f3prio quintal. Ou seja, pedir votos [&hellip;]<\/p>\n","protected":false},"author":2,"featured_media":0,"comment_status":"open","ping_status":"open","sticky":false,"template":"","format":"standard","meta":{"footnotes":"","_links_to":"","_links_to_target":""},"categories":[1],"tags":[],"class_list":["post-34673","post","type-post","status-publish","format-standard","hentry","category-geral"],"views":1053,"_links":{"self":[{"href":"https:\/\/www.sudoestehoje.com.br\/novoportal\/wp-json\/wp\/v2\/posts\/34673","targetHints":{"allow":["GET"]}}],"collection":[{"href":"https:\/\/www.sudoestehoje.com.br\/novoportal\/wp-json\/wp\/v2\/posts"}],"about":[{"href":"https:\/\/www.sudoestehoje.com.br\/novoportal\/wp-json\/wp\/v2\/types\/post"}],"author":[{"embeddable":true,"href":"https:\/\/www.sudoestehoje.com.br\/novoportal\/wp-json\/wp\/v2\/users\/2"}],"replies":[{"embeddable":true,"href":"https:\/\/www.sudoestehoje.com.br\/novoportal\/wp-json\/wp\/v2\/comments?post=34673"}],"version-history":[{"count":4,"href":"https:\/\/www.sudoestehoje.com.br\/novoportal\/wp-json\/wp\/v2\/posts\/34673\/revisions"}],"predecessor-version":[{"id":34678,"href":"https:\/\/www.sudoestehoje.com.br\/novoportal\/wp-json\/wp\/v2\/posts\/34673\/revisions\/34678"}],"wp:attachment":[{"href":"https:\/\/www.sudoestehoje.com.br\/novoportal\/wp-json\/wp\/v2\/media?parent=34673"}],"wp:term":[{"taxonomy":"category","embeddable":true,"href":"https:\/\/www.sudoestehoje.com.br\/novoportal\/wp-json\/wp\/v2\/categories?post=34673"},{"taxonomy":"post_tag","embeddable":true,"href":"https:\/\/www.sudoestehoje.com.br\/novoportal\/wp-json\/wp\/v2\/tags?post=34673"}],"curies":[{"name":"wp","href":"https:\/\/api.w.org\/{rel}","templated":true}]}}