
{"id":3466,"date":"2011-02-16T12:03:15","date_gmt":"2011-02-16T15:03:15","guid":{"rendered":"http:\/\/www.sudoestehoje.com.br\/novoportal\/?p=3466"},"modified":"2011-02-16T12:03:15","modified_gmt":"2011-02-16T15:03:15","slug":"vai-ter-sessao","status":"publish","type":"post","link":"https:\/\/www.sudoestehoje.com.br\/novoportal\/2011\/02\/16\/vai-ter-sessao\/","title":{"rendered":"VAI TER SESS\u00c3O"},"content":{"rendered":"<p style=\"text-align: center;\"><a id=\"apf8\" href=\"http:\/\/www.google.com.br\/imgres?imgurl=http:\/\/2.bp.blogspot.com\/_9EKA-JusCSU\/TKC_zdiAypI\/AAAAAAAABok\/2MlpeQYFgpM\/s1600\/bla%2Bbla%2Bbla.jpg&amp;imgrefurl=http:\/\/afugadeideias.blogspot.com\/2010\/09\/business-bingo-e-technical-embromation.html&amp;usg=__MZk0l2gHJVxkzUNqhGlsFJ_TkSc=&amp;h=368&amp;w=300&amp;sz=54&amp;hl=pt-br&amp;start=9&amp;zoom=1&amp;um=1&amp;itbs=1&amp;tbnid=tuiy6mHToIfEVM:&amp;tbnh=122&amp;tbnw=99&amp;prev=\/images%3Fq%3Dbl%25C3%25A1bl%25C3%25A1bl%25C3%25A1%26um%3D1%26hl%3Dpt-br%26sa%3DN%26rlz%3D1R2ADBS_pt-BRBR354%26tbs%3Disch:1&amp;ei=veZbTaeYM8K78gbXnr32DA\"><img loading=\"lazy\" decoding=\"async\" id=\"ipftuiy6mHToIfEVM:\" class=\"aligncenter\" src=\"http:\/\/t2.gstatic.com\/images?q=tbn:ANd9GcSKOtU_P01goOcHpIWgZFKkUS9SHLg45loH14YtHq5BIrGUJ4CEUGr-uZQ\" alt=\"\" width=\"99\" height=\"122\" \/><\/a><\/p>\n<p>A sess\u00e3o de reabertura da C\u00e2mara de Vereadores, para o exerc\u00edcio de 2011, est\u00e1 confirmada para hoje, mas o prefeito Z\u00e9 Carlos n\u00e3o deve comparecer para ler a sua mensagem anual. Embora ele tenha dito em uma r\u00e1dio que n\u00e3o pediu o adiamento da sess\u00e3o, o pedido foi feito. Se n\u00e3o foi ele, deve ter sido algum puxa querendo fazer m\u00e9dia. Quanto \u00e0 participa\u00e7\u00e3o do prefeito na sess\u00e3o, \u00e9 irrelevante, pois todos sabem que ele nada tem a dizer, a n\u00e3o ser os &#8216;repetecos&#8217; de sempre. Upa, Minha Casa&#8230; Haja paci\u00eancia!<\/p>\n","protected":false},"excerpt":{"rendered":"<p>A sess\u00e3o de reabertura da C\u00e2mara de Vereadores, para o exerc\u00edcio de 2011, est\u00e1 confirmada para hoje, mas o prefeito Z\u00e9 Carlos n\u00e3o deve comparecer para ler a sua mensagem anual. Embora ele tenha dito em uma r\u00e1dio que n\u00e3o pediu o adiamento da sess\u00e3o, o pedido foi feito. Se n\u00e3o foi ele, deve ter [&hellip;]<\/p>\n","protected":false},"author":2,"featured_media":0,"comment_status":"open","ping_status":"open","sticky":false,"template":"","format":"standard","meta":{"footnotes":"","_links_to":"","_links_to_target":""},"categories":[11],"tags":[],"class_list":["post-3466","post","type-post","status-publish","format-standard","hentry","category-quentinhas"],"views":1101,"_links":{"self":[{"href":"https:\/\/www.sudoestehoje.com.br\/novoportal\/wp-json\/wp\/v2\/posts\/3466","targetHints":{"allow":["GET"]}}],"collection":[{"href":"https:\/\/www.sudoestehoje.com.br\/novoportal\/wp-json\/wp\/v2\/posts"}],"about":[{"href":"https:\/\/www.sudoestehoje.com.br\/novoportal\/wp-json\/wp\/v2\/types\/post"}],"author":[{"embeddable":true,"href":"https:\/\/www.sudoestehoje.com.br\/novoportal\/wp-json\/wp\/v2\/users\/2"}],"replies":[{"embeddable":true,"href":"https:\/\/www.sudoestehoje.com.br\/novoportal\/wp-json\/wp\/v2\/comments?post=3466"}],"version-history":[{"count":1,"href":"https:\/\/www.sudoestehoje.com.br\/novoportal\/wp-json\/wp\/v2\/posts\/3466\/revisions"}],"predecessor-version":[{"id":3467,"href":"https:\/\/www.sudoestehoje.com.br\/novoportal\/wp-json\/wp\/v2\/posts\/3466\/revisions\/3467"}],"wp:attachment":[{"href":"https:\/\/www.sudoestehoje.com.br\/novoportal\/wp-json\/wp\/v2\/media?parent=3466"}],"wp:term":[{"taxonomy":"category","embeddable":true,"href":"https:\/\/www.sudoestehoje.com.br\/novoportal\/wp-json\/wp\/v2\/categories?post=3466"},{"taxonomy":"post_tag","embeddable":true,"href":"https:\/\/www.sudoestehoje.com.br\/novoportal\/wp-json\/wp\/v2\/tags?post=3466"}],"curies":[{"name":"wp","href":"https:\/\/api.w.org\/{rel}","templated":true}]}}