
{"id":34654,"date":"2014-02-20T15:36:49","date_gmt":"2014-02-20T18:36:49","guid":{"rendered":"http:\/\/www.sudoestehoje.com.br\/novoportal\/?p=34654"},"modified":"2014-02-20T15:36:49","modified_gmt":"2014-02-20T18:36:49","slug":"em-vitoria-da-conquista-ate-mendigo-esta-sendo-assaltado","status":"publish","type":"post","link":"https:\/\/www.sudoestehoje.com.br\/novoportal\/2014\/02\/20\/em-vitoria-da-conquista-ate-mendigo-esta-sendo-assaltado\/","title":{"rendered":"EM VIT\u00d3RIA DA CONQUISTA, AT\u00c9 MENDIGO EST\u00c1 SENDO ASSALTADO"},"content":{"rendered":"<div id=\"attachment_34655\" style=\"width: 510px\" class=\"wp-caption aligncenter\"><a href=\"http:\/\/www.sudoestehoje.com.br\/novoportal\/wp-content\/uploads\/2014\/02\/MENDIGO.jpg\"><img loading=\"lazy\" decoding=\"async\" aria-describedby=\"caption-attachment-34655\" class=\"size-medium wp-image-34655\" alt=\"Mendigo do 'reco-reco', foi assaltado no centro de Conquista.\" src=\"http:\/\/www.sudoestehoje.com.br\/novoportal\/wp-content\/uploads\/2014\/02\/MENDIGO-500x375.jpg\" width=\"500\" height=\"375\" srcset=\"https:\/\/www.sudoestehoje.com.br\/novoportal\/wp-content\/uploads\/2014\/02\/MENDIGO-500x375.jpg 500w, https:\/\/www.sudoestehoje.com.br\/novoportal\/wp-content\/uploads\/2014\/02\/MENDIGO.jpg 600w\" sizes=\"auto, (max-width: 500px) 100vw, 500px\" \/><\/a><p id=\"caption-attachment-34655\" class=\"wp-caption-text\">Mendigo Joaquim do \u00a0&#8216;reco-reco&#8217;, foi assaltado no centro de Vit\u00f3ria da Conquista.<\/p><\/div>\n<p>Vit\u00f3ria da Conquista \u00e9 a cidade onde tudo acontece. Tudo de negativo. Neste munic\u00edpio, os fatos mais inusitados s\u00e3o registrados. A inseguran\u00e7a est\u00e1 t\u00e3o grande, que nem o coitado do\u00a0<b>Joaquim<\/b>, mendigo que fica com um reco reco, fazendo uma zoada medonha, \u00a0sentado na Avenida Lauro de Freitas (centro) escapou dos assaltantes.<\/p>\n<div id=\"attachment_34656\" style=\"width: 510px\" class=\"wp-caption aligncenter\"><a href=\"http:\/\/www.sudoestehoje.com.br\/novoportal\/wp-content\/uploads\/2014\/02\/MENDIGO-2.jpg\"><img loading=\"lazy\" decoding=\"async\" aria-describedby=\"caption-attachment-34656\" class=\"size-medium wp-image-34656\" alt=\"Chateado com o assalto, Joaquim acabou sendo confortado pelo amigo 'Espantalho'.\" src=\"http:\/\/www.sudoestehoje.com.br\/novoportal\/wp-content\/uploads\/2014\/02\/MENDIGO-2-500x375.jpg\" width=\"500\" height=\"375\" srcset=\"https:\/\/www.sudoestehoje.com.br\/novoportal\/wp-content\/uploads\/2014\/02\/MENDIGO-2-500x375.jpg 500w, https:\/\/www.sudoestehoje.com.br\/novoportal\/wp-content\/uploads\/2014\/02\/MENDIGO-2.jpg 600w\" sizes=\"auto, (max-width: 500px) 100vw, 500px\" \/><\/a><p id=\"caption-attachment-34656\" class=\"wp-caption-text\">Chateado com o assalto, Joaquim acabou sendo confortado pelo amigo &#8216;Espantalho&#8217;.<\/p><\/div>\n<p>Talvez ele seja um dos pedintes mais antigos da cidade. \u201cEu estava trabalhando desde cedo, com um calor terr\u00edvel e no fim tarde, quando eu juntava os trocados e levou tudo que eu tinha. Se ele aparecer\u00a0\u00a0 de novo, meto a muleta na cara dele\u201d, desabafou. Joaquim \u00e9 um patrim\u00f4nio conquistense. Ele j\u00e1\u00a0 teve pontos na Pra\u00e7a Bar\u00e3o do Rio Branco, Travessa Lauro de Freitas, Alameda Ramiro Santos e feiras livres da cidade. Informa\u00e7\u00f5es <em>CNEWS<\/em><\/p>\n","protected":false},"excerpt":{"rendered":"<p>Vit\u00f3ria da Conquista \u00e9 a cidade onde tudo acontece. Tudo de negativo. Neste munic\u00edpio, os fatos mais inusitados s\u00e3o registrados. A inseguran\u00e7a est\u00e1 t\u00e3o grande, que nem o coitado do\u00a0Joaquim, mendigo que fica com um reco reco, fazendo uma zoada medonha, \u00a0sentado na Avenida Lauro de Freitas (centro) escapou dos assaltantes. Talvez ele seja um [&hellip;]<\/p>\n","protected":false},"author":2,"featured_media":0,"comment_status":"open","ping_status":"open","sticky":false,"template":"","format":"standard","meta":{"footnotes":"","_links_to":"","_links_to_target":""},"categories":[1],"tags":[],"class_list":["post-34654","post","type-post","status-publish","format-standard","hentry","category-geral"],"views":4746,"_links":{"self":[{"href":"https:\/\/www.sudoestehoje.com.br\/novoportal\/wp-json\/wp\/v2\/posts\/34654","targetHints":{"allow":["GET"]}}],"collection":[{"href":"https:\/\/www.sudoestehoje.com.br\/novoportal\/wp-json\/wp\/v2\/posts"}],"about":[{"href":"https:\/\/www.sudoestehoje.com.br\/novoportal\/wp-json\/wp\/v2\/types\/post"}],"author":[{"embeddable":true,"href":"https:\/\/www.sudoestehoje.com.br\/novoportal\/wp-json\/wp\/v2\/users\/2"}],"replies":[{"embeddable":true,"href":"https:\/\/www.sudoestehoje.com.br\/novoportal\/wp-json\/wp\/v2\/comments?post=34654"}],"version-history":[{"count":1,"href":"https:\/\/www.sudoestehoje.com.br\/novoportal\/wp-json\/wp\/v2\/posts\/34654\/revisions"}],"predecessor-version":[{"id":34657,"href":"https:\/\/www.sudoestehoje.com.br\/novoportal\/wp-json\/wp\/v2\/posts\/34654\/revisions\/34657"}],"wp:attachment":[{"href":"https:\/\/www.sudoestehoje.com.br\/novoportal\/wp-json\/wp\/v2\/media?parent=34654"}],"wp:term":[{"taxonomy":"category","embeddable":true,"href":"https:\/\/www.sudoestehoje.com.br\/novoportal\/wp-json\/wp\/v2\/categories?post=34654"},{"taxonomy":"post_tag","embeddable":true,"href":"https:\/\/www.sudoestehoje.com.br\/novoportal\/wp-json\/wp\/v2\/tags?post=34654"}],"curies":[{"name":"wp","href":"https:\/\/api.w.org\/{rel}","templated":true}]}}