
{"id":34592,"date":"2014-02-18T11:52:16","date_gmt":"2014-02-18T14:52:16","guid":{"rendered":"http:\/\/www.sudoestehoje.com.br\/novoportal\/?p=34592"},"modified":"2014-02-18T11:52:16","modified_gmt":"2014-02-18T14:52:16","slug":"policia-federal-deflagra-operacao-em-conquista-e-mais-9-cidades","status":"publish","type":"post","link":"https:\/\/www.sudoestehoje.com.br\/novoportal\/2014\/02\/18\/policia-federal-deflagra-operacao-em-conquista-e-mais-9-cidades\/","title":{"rendered":"POL\u00cdCIA FEDERAL DEFLAGRA OPERA\u00c7\u00c3O EM CONQUISTA E MAIS 9 CIDADES"},"content":{"rendered":"<p style=\"text-align: center;\"><a href=\"http:\/\/www.sudoestehoje.com.br\/novoportal\/wp-content\/uploads\/2014\/02\/PF.jpg\"><img decoding=\"async\" class=\"aligncenter  wp-image-34593\" alt=\"PF\" src=\"http:\/\/www.sudoestehoje.com.br\/novoportal\/wp-content\/uploads\/2014\/02\/PF.jpg\" width=\"450\" \/><\/a><\/p>\n<p>A Pol\u00edcia Federal deflagrou em Vit\u00f3ria da Conquista e mais nove cidades da regi\u00e3o sudoeste da Bahia, na manh\u00e3 desta ter\u00e7a-feira (18), a Opera\u00e7\u00e3o Granfaloon. A a\u00e7\u00e3o ocorre nos munic\u00edpios de Bom Jesus da Serra, D\u00e1rio Meira, Po\u00e7\u00f5es, Belo Campo, Planalto, Paramirim, Ribeir\u00e3o do Largo, Encruzilhada e Tremedal. S\u00e3o cumpridos 13 mandados de pris\u00e3o tempor\u00e1ria e 36 de busca e apreens\u00e3o.<\/p>\n<p>Entre os alvos da opera\u00e7\u00e3o, estariam ex-prefeitos e ex-secret\u00e1rios municipais, al\u00e9m de empres\u00e1rios. As investiga\u00e7\u00f5es da pol\u00edcia apontam a associa\u00e7\u00e3o de empres\u00e1rios a gestores da regi\u00e3o para desvio de verbas p\u00fablicas destinadas \u00e0 sa\u00fade, educa\u00e7\u00e3o e transporte, por meio da simula\u00e7\u00e3o de licita\u00e7\u00f5es e contrata\u00e7\u00e3o de empresas de fachada.<\/p>\n<p>O preju\u00edzo estimado aos cofres p\u00fablicos \u00e9 de quase R$ 70 milh\u00f5es. Os detidos ser\u00e3o indiciados pelos crimes de fraude em licita\u00e7\u00f5es, desvio de verba p\u00fablica e forma\u00e7\u00e3o de quadrilha.<\/p>\n<p>Faltou gente nessa lista&#8230;<\/p>\n","protected":false},"excerpt":{"rendered":"<p>A Pol\u00edcia Federal deflagrou em Vit\u00f3ria da Conquista e mais nove cidades da regi\u00e3o sudoeste da Bahia, na manh\u00e3 desta ter\u00e7a-feira (18), a Opera\u00e7\u00e3o Granfaloon. A a\u00e7\u00e3o ocorre nos munic\u00edpios de Bom Jesus da Serra, D\u00e1rio Meira, Po\u00e7\u00f5es, Belo Campo, Planalto, Paramirim, Ribeir\u00e3o do Largo, Encruzilhada e Tremedal. S\u00e3o cumpridos 13 mandados de pris\u00e3o tempor\u00e1ria [&hellip;]<\/p>\n","protected":false},"author":2,"featured_media":0,"comment_status":"open","ping_status":"open","sticky":false,"template":"","format":"standard","meta":{"footnotes":"","_links_to":"","_links_to_target":""},"categories":[1],"tags":[],"class_list":["post-34592","post","type-post","status-publish","format-standard","hentry","category-geral"],"views":1031,"_links":{"self":[{"href":"https:\/\/www.sudoestehoje.com.br\/novoportal\/wp-json\/wp\/v2\/posts\/34592","targetHints":{"allow":["GET"]}}],"collection":[{"href":"https:\/\/www.sudoestehoje.com.br\/novoportal\/wp-json\/wp\/v2\/posts"}],"about":[{"href":"https:\/\/www.sudoestehoje.com.br\/novoportal\/wp-json\/wp\/v2\/types\/post"}],"author":[{"embeddable":true,"href":"https:\/\/www.sudoestehoje.com.br\/novoportal\/wp-json\/wp\/v2\/users\/2"}],"replies":[{"embeddable":true,"href":"https:\/\/www.sudoestehoje.com.br\/novoportal\/wp-json\/wp\/v2\/comments?post=34592"}],"version-history":[{"count":1,"href":"https:\/\/www.sudoestehoje.com.br\/novoportal\/wp-json\/wp\/v2\/posts\/34592\/revisions"}],"predecessor-version":[{"id":34594,"href":"https:\/\/www.sudoestehoje.com.br\/novoportal\/wp-json\/wp\/v2\/posts\/34592\/revisions\/34594"}],"wp:attachment":[{"href":"https:\/\/www.sudoestehoje.com.br\/novoportal\/wp-json\/wp\/v2\/media?parent=34592"}],"wp:term":[{"taxonomy":"category","embeddable":true,"href":"https:\/\/www.sudoestehoje.com.br\/novoportal\/wp-json\/wp\/v2\/categories?post=34592"},{"taxonomy":"post_tag","embeddable":true,"href":"https:\/\/www.sudoestehoje.com.br\/novoportal\/wp-json\/wp\/v2\/tags?post=34592"}],"curies":[{"name":"wp","href":"https:\/\/api.w.org\/{rel}","templated":true}]}}