
{"id":34588,"date":"2014-02-18T08:26:49","date_gmt":"2014-02-18T11:26:49","guid":{"rendered":"http:\/\/www.sudoestehoje.com.br\/novoportal\/?p=34588"},"modified":"2014-02-18T08:26:49","modified_gmt":"2014-02-18T11:26:49","slug":"professor-abel-realiza-palestra-no-auditorio-da-coopardo","status":"publish","type":"post","link":"https:\/\/www.sudoestehoje.com.br\/novoportal\/2014\/02\/18\/professor-abel-realiza-palestra-no-auditorio-da-coopardo\/","title":{"rendered":"PROFESSOR ABEL REALIZA PALESTRA NO AUDIT\u00d3RIO DA COOPARDO"},"content":{"rendered":"<p style=\"text-align: center;\"><a href=\"http:\/\/www.sudoestehoje.com.br\/novoportal\/wp-content\/uploads\/2014\/02\/abel.jpg\"><img decoding=\"async\" class=\"aligncenter  wp-image-34589\" alt=\"abel\" src=\"http:\/\/www.sudoestehoje.com.br\/novoportal\/wp-content\/uploads\/2014\/02\/abel.jpg\" width=\"450\" \/><\/a><\/p>\n<p>A convite do Conselho das Institui\u00e7\u00f5es, o ex-reitor da Universidade Estadual do Sudoeste da Bahia, professor Abel Rebou\u00e7as, far\u00e1 palestra abordando o tema &#8220;Itapetinga e o Desenvolvimento Regional&#8221;, nesta ter\u00e7a-feira, \u00e0s 19:30, no audit\u00f3rio da Coopardo, localizado na Pra\u00e7a Augusto de Carvalho.<\/p>\n<p>Embora radicado em Vit\u00f3ria da Conquista, o professor Abel \u00e9 itapetinguense e seu nome vem sendo cogitado para disputar uma vaga na C\u00e2mara Federal, pelo PDT, nas elei\u00e7\u00f5es de outubro.<\/p>\n<p><strong><em>Da Reda\u00e7\u00e3o<\/em><\/strong><\/p>\n","protected":false},"excerpt":{"rendered":"<p>A convite do Conselho das Institui\u00e7\u00f5es, o ex-reitor da Universidade Estadual do Sudoeste da Bahia, professor Abel Rebou\u00e7as, far\u00e1 palestra abordando o tema &#8220;Itapetinga e o Desenvolvimento Regional&#8221;, nesta ter\u00e7a-feira, \u00e0s 19:30, no audit\u00f3rio da Coopardo, localizado na Pra\u00e7a Augusto de Carvalho. Embora radicado em Vit\u00f3ria da Conquista, o professor Abel \u00e9 itapetinguense e seu [&hellip;]<\/p>\n","protected":false},"author":2,"featured_media":0,"comment_status":"open","ping_status":"open","sticky":false,"template":"","format":"standard","meta":{"footnotes":"","_links_to":"","_links_to_target":""},"categories":[1],"tags":[],"class_list":["post-34588","post","type-post","status-publish","format-standard","hentry","category-geral"],"views":1364,"_links":{"self":[{"href":"https:\/\/www.sudoestehoje.com.br\/novoportal\/wp-json\/wp\/v2\/posts\/34588","targetHints":{"allow":["GET"]}}],"collection":[{"href":"https:\/\/www.sudoestehoje.com.br\/novoportal\/wp-json\/wp\/v2\/posts"}],"about":[{"href":"https:\/\/www.sudoestehoje.com.br\/novoportal\/wp-json\/wp\/v2\/types\/post"}],"author":[{"embeddable":true,"href":"https:\/\/www.sudoestehoje.com.br\/novoportal\/wp-json\/wp\/v2\/users\/2"}],"replies":[{"embeddable":true,"href":"https:\/\/www.sudoestehoje.com.br\/novoportal\/wp-json\/wp\/v2\/comments?post=34588"}],"version-history":[{"count":2,"href":"https:\/\/www.sudoestehoje.com.br\/novoportal\/wp-json\/wp\/v2\/posts\/34588\/revisions"}],"predecessor-version":[{"id":34591,"href":"https:\/\/www.sudoestehoje.com.br\/novoportal\/wp-json\/wp\/v2\/posts\/34588\/revisions\/34591"}],"wp:attachment":[{"href":"https:\/\/www.sudoestehoje.com.br\/novoportal\/wp-json\/wp\/v2\/media?parent=34588"}],"wp:term":[{"taxonomy":"category","embeddable":true,"href":"https:\/\/www.sudoestehoje.com.br\/novoportal\/wp-json\/wp\/v2\/categories?post=34588"},{"taxonomy":"post_tag","embeddable":true,"href":"https:\/\/www.sudoestehoje.com.br\/novoportal\/wp-json\/wp\/v2\/tags?post=34588"}],"curies":[{"name":"wp","href":"https:\/\/api.w.org\/{rel}","templated":true}]}}