
{"id":34579,"date":"2014-02-17T23:59:10","date_gmt":"2014-02-18T02:59:10","guid":{"rendered":"http:\/\/www.sudoestehoje.com.br\/novoportal\/?p=34579"},"modified":"2014-02-17T23:59:10","modified_gmt":"2014-02-18T02:59:10","slug":"vereador-renan-coelho-fiscaliza-contas-da-prefeitura-no-tcm","status":"publish","type":"post","link":"https:\/\/www.sudoestehoje.com.br\/novoportal\/2014\/02\/17\/vereador-renan-coelho-fiscaliza-contas-da-prefeitura-no-tcm\/","title":{"rendered":"VEREADOR RENAN COELHO FISCALIZA CONTAS DA PREFEITURA NO TCM"},"content":{"rendered":"<div id=\"attachment_34580\" style=\"width: 510px\" class=\"wp-caption aligncenter\"><a href=\"http:\/\/www.sudoestehoje.com.br\/novoportal\/wp-content\/uploads\/2014\/02\/renan-tcm.jpg\"><img loading=\"lazy\" decoding=\"async\" aria-describedby=\"caption-attachment-34580\" class=\"size-medium wp-image-34580\" alt=\"Vereador\" src=\"http:\/\/www.sudoestehoje.com.br\/novoportal\/wp-content\/uploads\/2014\/02\/renan-tcm-500x375.jpg\" width=\"500\" height=\"375\" srcset=\"https:\/\/www.sudoestehoje.com.br\/novoportal\/wp-content\/uploads\/2014\/02\/renan-tcm-500x375.jpg 500w, https:\/\/www.sudoestehoje.com.br\/novoportal\/wp-content\/uploads\/2014\/02\/renan-tcm-700x525.jpg 700w, https:\/\/www.sudoestehoje.com.br\/novoportal\/wp-content\/uploads\/2014\/02\/renan-tcm.jpg 717w\" sizes=\"auto, (max-width: 500px) 100vw, 500px\" \/><\/a><p id=\"caption-attachment-34580\" class=\"wp-caption-text\">O vereador Renan Coelho, na Inspetoria Regional do TCM, fiscalizando as contas do munic\u00edpio, referentes ao exerc\u00edcio de 2013.<\/p><\/div>\n<p>Na manh\u00e3 desta segunda-feira (17), o vereador Renan Coelho PCdoB), ao lado de outros edis, compareceu \u00e0 Inspetoria Regional do TCM, em Vit\u00f3ria na Conquista, para cumprir o seu papel de vereador fiscalizador, como determina a Constitui\u00e7\u00e3o Federal e a Lei Org\u00e2nica do Munic\u00edpio. Na oportunidade, o atuante vereador examinou as contas de dezembro de 2013, tanto da prefeitura de Itapetinga, quanto da pr\u00f3pria C\u00e2mara Municipal. Ascom<\/p>\n","protected":false},"excerpt":{"rendered":"<p>Na manh\u00e3 desta segunda-feira (17), o vereador Renan Coelho PCdoB), ao lado de outros edis, compareceu \u00e0 Inspetoria Regional do TCM, em Vit\u00f3ria na Conquista, para cumprir o seu papel de vereador fiscalizador, como determina a Constitui\u00e7\u00e3o Federal e a Lei Org\u00e2nica do Munic\u00edpio. Na oportunidade, o atuante vereador examinou as contas de dezembro de [&hellip;]<\/p>\n","protected":false},"author":2,"featured_media":0,"comment_status":"open","ping_status":"open","sticky":false,"template":"","format":"standard","meta":{"footnotes":"","_links_to":"","_links_to_target":""},"categories":[1],"tags":[],"class_list":["post-34579","post","type-post","status-publish","format-standard","hentry","category-geral"],"views":1223,"_links":{"self":[{"href":"https:\/\/www.sudoestehoje.com.br\/novoportal\/wp-json\/wp\/v2\/posts\/34579","targetHints":{"allow":["GET"]}}],"collection":[{"href":"https:\/\/www.sudoestehoje.com.br\/novoportal\/wp-json\/wp\/v2\/posts"}],"about":[{"href":"https:\/\/www.sudoestehoje.com.br\/novoportal\/wp-json\/wp\/v2\/types\/post"}],"author":[{"embeddable":true,"href":"https:\/\/www.sudoestehoje.com.br\/novoportal\/wp-json\/wp\/v2\/users\/2"}],"replies":[{"embeddable":true,"href":"https:\/\/www.sudoestehoje.com.br\/novoportal\/wp-json\/wp\/v2\/comments?post=34579"}],"version-history":[{"count":2,"href":"https:\/\/www.sudoestehoje.com.br\/novoportal\/wp-json\/wp\/v2\/posts\/34579\/revisions"}],"predecessor-version":[{"id":34582,"href":"https:\/\/www.sudoestehoje.com.br\/novoportal\/wp-json\/wp\/v2\/posts\/34579\/revisions\/34582"}],"wp:attachment":[{"href":"https:\/\/www.sudoestehoje.com.br\/novoportal\/wp-json\/wp\/v2\/media?parent=34579"}],"wp:term":[{"taxonomy":"category","embeddable":true,"href":"https:\/\/www.sudoestehoje.com.br\/novoportal\/wp-json\/wp\/v2\/categories?post=34579"},{"taxonomy":"post_tag","embeddable":true,"href":"https:\/\/www.sudoestehoje.com.br\/novoportal\/wp-json\/wp\/v2\/tags?post=34579"}],"curies":[{"name":"wp","href":"https:\/\/api.w.org\/{rel}","templated":true}]}}