
{"id":34508,"date":"2014-02-15T19:55:50","date_gmt":"2014-02-15T22:55:50","guid":{"rendered":"http:\/\/www.sudoestehoje.com.br\/novoportal\/?p=34508"},"modified":"2014-02-15T22:07:07","modified_gmt":"2014-02-16T01:07:07","slug":"vereador-alfredo-cabral-defende-construcao-de-ciclovias","status":"publish","type":"post","link":"https:\/\/www.sudoestehoje.com.br\/novoportal\/2014\/02\/15\/vereador-alfredo-cabral-defende-construcao-de-ciclovias\/","title":{"rendered":"VEREADOR ALFREDO CABRAL DEFENDE CONSTRU\u00c7\u00c3O DE CICLOVIAS"},"content":{"rendered":"<div id=\"attachment_34509\" style=\"width: 510px\" class=\"wp-caption aligncenter\"><a href=\"http:\/\/www.sudoestehoje.com.br\/novoportal\/wp-content\/uploads\/2014\/02\/ciclovias.jpg\"><img loading=\"lazy\" decoding=\"async\" aria-describedby=\"caption-attachment-34509\" class=\"size-full wp-image-34509\" alt=\"Foto Ilustrativa\" src=\"http:\/\/www.sudoestehoje.com.br\/novoportal\/wp-content\/uploads\/2014\/02\/ciclovias.jpg\" width=\"500\" height=\"375\" \/><\/a><p id=\"caption-attachment-34509\" class=\"wp-caption-text\">Foto Ilustrativa<\/p><\/div>\n<p><strong><em>Por Davi Ferraz<\/em><\/strong><\/p>\n<p>Em sua p\u00e1gina no Facebook, o vereador Alfredo Cabral de Assis (PSD), falou a respeito da necessidade de se construir CICLOVIAS em Itapetinga. Confira a postagem original:<\/p>\n<p><em>&#8220;Pessoas que fazem uso da bicicleta em Itapetinga para se locomoverem no dia-a-dia como meio de transporte, esporte ou para cuidar da sa\u00fade, tem nos procurado reivindicando a\u00e7\u00f5es no sentindo de criar CICLOVIAS em Itapetinga.<\/em><\/p>\n<p><em>Estamos solicitando ao Prefeito Municipal Jos\u00e9 Carlos Moura e consequentemente ao Secret\u00e1rio de Infraestrutura Jeremias Filho de Brito, projeto nesse sentido.<\/em><\/p>\n<p><em>Vit\u00f3ria da Conquista vem a cada ano construindo CICLOVIAS, superando inclusive Salvador.<\/em><\/p>\n<p><em>A Politica Nacional de Mobilidade Urbana, institu\u00eddo pela Lei Federal n\u00ba 12.587, tem como uma das diretrizes a prioridade ao transporte n\u00e3o motorizado, com o objetivo de promover a inclus\u00e3o social e o desenvolvimento sustent\u00e1vel, reduzindo os custos ambientais e socioecon\u00f4micos nos deslocamentos das pessoas.<\/em><\/p>\n<p><em>A utiliza\u00e7\u00e3o da Bicicleta no dia-a-dia previne doen\u00e7as cardiovasculares.<\/em><\/p>\n<p><em>Investir em CICLOVIAS \u00e9 cuidar da sa\u00fade da popula\u00e7\u00e3o, evitando custos maiores na \u00e1rea de sa\u00fade e consequentemente evitar mortalidade com as doen\u00e7as cardiovasculares, que representa mais de 40% de todas as mortes.\u00a0<\/em><\/p>\n<p><em>Portanto, o munic\u00edpio de Itapetinga deve priorizar a constru\u00e7\u00e3o de CICLOVIAS, para atender as in\u00fameras solicita\u00e7\u00f5es da popula\u00e7\u00e3o.&#8221;<\/em><\/p>\n<p>Fonte: Facebook Alfredo Cabral<\/p>\n","protected":false},"excerpt":{"rendered":"<p>Por Davi Ferraz Em sua p\u00e1gina no Facebook, o vereador Alfredo Cabral de Assis (PSD), falou a respeito da necessidade de se construir CICLOVIAS em Itapetinga. Confira a postagem original: &#8220;Pessoas que fazem uso da bicicleta em Itapetinga para se locomoverem no dia-a-dia como meio de transporte, esporte ou para cuidar da sa\u00fade, tem nos [&hellip;]<\/p>\n","protected":false},"author":2,"featured_media":0,"comment_status":"open","ping_status":"open","sticky":false,"template":"","format":"standard","meta":{"footnotes":"","_links_to":"","_links_to_target":""},"categories":[1],"tags":[],"class_list":["post-34508","post","type-post","status-publish","format-standard","hentry","category-geral"],"views":1278,"_links":{"self":[{"href":"https:\/\/www.sudoestehoje.com.br\/novoportal\/wp-json\/wp\/v2\/posts\/34508","targetHints":{"allow":["GET"]}}],"collection":[{"href":"https:\/\/www.sudoestehoje.com.br\/novoportal\/wp-json\/wp\/v2\/posts"}],"about":[{"href":"https:\/\/www.sudoestehoje.com.br\/novoportal\/wp-json\/wp\/v2\/types\/post"}],"author":[{"embeddable":true,"href":"https:\/\/www.sudoestehoje.com.br\/novoportal\/wp-json\/wp\/v2\/users\/2"}],"replies":[{"embeddable":true,"href":"https:\/\/www.sudoestehoje.com.br\/novoportal\/wp-json\/wp\/v2\/comments?post=34508"}],"version-history":[{"count":2,"href":"https:\/\/www.sudoestehoje.com.br\/novoportal\/wp-json\/wp\/v2\/posts\/34508\/revisions"}],"predecessor-version":[{"id":34511,"href":"https:\/\/www.sudoestehoje.com.br\/novoportal\/wp-json\/wp\/v2\/posts\/34508\/revisions\/34511"}],"wp:attachment":[{"href":"https:\/\/www.sudoestehoje.com.br\/novoportal\/wp-json\/wp\/v2\/media?parent=34508"}],"wp:term":[{"taxonomy":"category","embeddable":true,"href":"https:\/\/www.sudoestehoje.com.br\/novoportal\/wp-json\/wp\/v2\/categories?post=34508"},{"taxonomy":"post_tag","embeddable":true,"href":"https:\/\/www.sudoestehoje.com.br\/novoportal\/wp-json\/wp\/v2\/tags?post=34508"}],"curies":[{"name":"wp","href":"https:\/\/api.w.org\/{rel}","templated":true}]}}