
{"id":34480,"date":"2014-02-14T17:34:54","date_gmt":"2014-02-14T20:34:54","guid":{"rendered":"http:\/\/www.sudoestehoje.com.br\/novoportal\/?p=34480"},"modified":"2014-02-14T17:34:54","modified_gmt":"2014-02-14T20:34:54","slug":"onibus-continuam-sendo-incendiados-por-manifestantes-em-conquista","status":"publish","type":"post","link":"https:\/\/www.sudoestehoje.com.br\/novoportal\/2014\/02\/14\/onibus-continuam-sendo-incendiados-por-manifestantes-em-conquista\/","title":{"rendered":"\u00d4NIBUS CONTINUAM SENDO INCENDIADOS POR MANIFESTANTES EM CONQUISTA"},"content":{"rendered":"<div id=\"attachment_34481\" style=\"width: 460px\" class=\"wp-caption aligncenter\"><a href=\"http:\/\/www.sudoestehoje.com.br\/novoportal\/wp-content\/uploads\/2014\/02\/onibus-incendiado.jpg\"><img loading=\"lazy\" decoding=\"async\" aria-describedby=\"caption-attachment-34481\" class=\"size-full wp-image-34481\" alt=\"Foto\" src=\"http:\/\/www.sudoestehoje.com.br\/novoportal\/wp-content\/uploads\/2014\/02\/onibus-incendiado.jpg\" width=\"450\" height=\"354\" \/><\/a><p id=\"caption-attachment-34481\" class=\"wp-caption-text\">Foto Alan Kardec<\/p><\/div>\n<p>Em um espa\u00e7o de tempo de quatro meses, foi registrado o terceiro inc\u00eandio a \u00f4nibus que opera no transporte coletivo de Vit\u00f3ria da Conquista, como forma de protesto.\u00a0Desta vez, na tarde de hoje (sexta-feira), a manifesta\u00e7\u00e3o atingiu um ve\u00edculo da empresa Cidade Verde, que chegou recentemente para a capital do Sudoeste.<\/p>\n<p>Em nota oficial, a empresa se manifestou sobre o assunto:\u00a0\u201cO que conforta \u00e9 saber que n\u00e3o tivemos nenhuma pessoa ferida. Mas infelizmente centenas de pessoas ficaram sem um equipamento moderno de transporte p\u00fablico. O \u00f4nibus que foi destru\u00eddo tinha pouco mais de 30 dias de uso, e fazia a \u00fanica linha para aquele bairro\u201d, afirma a nota.\u00a0O preju\u00edzo gira em torno de R$200 mil. <em>\u00a0Blog do Rodrigo Ferraz<\/em><\/p>\n","protected":false},"excerpt":{"rendered":"<p>Em um espa\u00e7o de tempo de quatro meses, foi registrado o terceiro inc\u00eandio a \u00f4nibus que opera no transporte coletivo de Vit\u00f3ria da Conquista, como forma de protesto.\u00a0Desta vez, na tarde de hoje (sexta-feira), a manifesta\u00e7\u00e3o atingiu um ve\u00edculo da empresa Cidade Verde, que chegou recentemente para a capital do Sudoeste. Em nota oficial, a [&hellip;]<\/p>\n","protected":false},"author":2,"featured_media":0,"comment_status":"open","ping_status":"open","sticky":false,"template":"","format":"standard","meta":{"footnotes":"","_links_to":"","_links_to_target":""},"categories":[1],"tags":[],"class_list":["post-34480","post","type-post","status-publish","format-standard","hentry","category-geral"],"views":1170,"_links":{"self":[{"href":"https:\/\/www.sudoestehoje.com.br\/novoportal\/wp-json\/wp\/v2\/posts\/34480","targetHints":{"allow":["GET"]}}],"collection":[{"href":"https:\/\/www.sudoestehoje.com.br\/novoportal\/wp-json\/wp\/v2\/posts"}],"about":[{"href":"https:\/\/www.sudoestehoje.com.br\/novoportal\/wp-json\/wp\/v2\/types\/post"}],"author":[{"embeddable":true,"href":"https:\/\/www.sudoestehoje.com.br\/novoportal\/wp-json\/wp\/v2\/users\/2"}],"replies":[{"embeddable":true,"href":"https:\/\/www.sudoestehoje.com.br\/novoportal\/wp-json\/wp\/v2\/comments?post=34480"}],"version-history":[{"count":2,"href":"https:\/\/www.sudoestehoje.com.br\/novoportal\/wp-json\/wp\/v2\/posts\/34480\/revisions"}],"predecessor-version":[{"id":34483,"href":"https:\/\/www.sudoestehoje.com.br\/novoportal\/wp-json\/wp\/v2\/posts\/34480\/revisions\/34483"}],"wp:attachment":[{"href":"https:\/\/www.sudoestehoje.com.br\/novoportal\/wp-json\/wp\/v2\/media?parent=34480"}],"wp:term":[{"taxonomy":"category","embeddable":true,"href":"https:\/\/www.sudoestehoje.com.br\/novoportal\/wp-json\/wp\/v2\/categories?post=34480"},{"taxonomy":"post_tag","embeddable":true,"href":"https:\/\/www.sudoestehoje.com.br\/novoportal\/wp-json\/wp\/v2\/tags?post=34480"}],"curies":[{"name":"wp","href":"https:\/\/api.w.org\/{rel}","templated":true}]}}