
{"id":34470,"date":"2014-02-14T09:12:28","date_gmt":"2014-02-14T12:12:28","guid":{"rendered":"http:\/\/www.sudoestehoje.com.br\/novoportal\/?p=34470"},"modified":"2014-02-14T09:12:28","modified_gmt":"2014-02-14T12:12:28","slug":"matriculas-para-escolas-da-rede-estadual-comecam-nesta-segunda","status":"publish","type":"post","link":"https:\/\/www.sudoestehoje.com.br\/novoportal\/2014\/02\/14\/matriculas-para-escolas-da-rede-estadual-comecam-nesta-segunda\/","title":{"rendered":"MATR\u00cdCULAS PARA ESCOLAS DA REDE ESTADUAL COME\u00c7AM NESTA SEGUNDA"},"content":{"rendered":"<p><a href=\"http:\/\/www.sudoestehoje.com.br\/novoportal\/wp-content\/uploads\/2014\/02\/cead.jpg\"><img loading=\"lazy\" decoding=\"async\" class=\"aligncenter size-medium wp-image-34471\" alt=\"cead\" src=\"http:\/\/www.sudoestehoje.com.br\/novoportal\/wp-content\/uploads\/2014\/02\/cead-500x374.jpg\" width=\"500\" height=\"374\" srcset=\"https:\/\/www.sudoestehoje.com.br\/novoportal\/wp-content\/uploads\/2014\/02\/cead-500x374.jpg 500w, https:\/\/www.sudoestehoje.com.br\/novoportal\/wp-content\/uploads\/2014\/02\/cead-700x524.jpg 700w, https:\/\/www.sudoestehoje.com.br\/novoportal\/wp-content\/uploads\/2014\/02\/cead.jpg 716w\" sizes=\"auto, (max-width: 500px) 100vw, 500px\" \/><\/a><\/p>\n<p>As matr\u00edculas para a rede estadual de ensino come\u00e7am nesta segunda-feira (17) e v\u00e3o at\u00e9 o pr\u00f3ximo dia 26 de fevereiro. Independentemente de qual escola o aluno deseja estudar, o processo poder\u00e1 ser feito em qualquer unidade de ensino, presencialmente, ou por meio do\u00a0<strong><a href=\"http:\/\/escolas.educacao.ba.gov.br\/matricula\" target=\"_blank\">Portal da Educa\u00e7\u00e3o<\/a><\/strong>.<\/p>\n<p>O ano letivo de 2014 ser\u00e1 iniciado no dia 10 de mar\u00e7o. Poder\u00e3o fazer a matr\u00edcula pela internet os estudantes regularmente matriculados na rede estadual que tenham frequ\u00eancia regular at\u00e9 o final do ano letivo 2013, os que n\u00e3o renovaram sua matr\u00edcula ou aqueles que pretendem se transferir para outra unidade.<\/p>\n","protected":false},"excerpt":{"rendered":"<p>As matr\u00edculas para a rede estadual de ensino come\u00e7am nesta segunda-feira (17) e v\u00e3o at\u00e9 o pr\u00f3ximo dia 26 de fevereiro. Independentemente de qual escola o aluno deseja estudar, o processo poder\u00e1 ser feito em qualquer unidade de ensino, presencialmente, ou por meio do\u00a0Portal da Educa\u00e7\u00e3o. O ano letivo de 2014 ser\u00e1 iniciado no dia [&hellip;]<\/p>\n","protected":false},"author":2,"featured_media":0,"comment_status":"open","ping_status":"open","sticky":false,"template":"","format":"standard","meta":{"footnotes":"","_links_to":"","_links_to_target":""},"categories":[1],"tags":[],"class_list":["post-34470","post","type-post","status-publish","format-standard","hentry","category-geral"],"views":1226,"_links":{"self":[{"href":"https:\/\/www.sudoestehoje.com.br\/novoportal\/wp-json\/wp\/v2\/posts\/34470","targetHints":{"allow":["GET"]}}],"collection":[{"href":"https:\/\/www.sudoestehoje.com.br\/novoportal\/wp-json\/wp\/v2\/posts"}],"about":[{"href":"https:\/\/www.sudoestehoje.com.br\/novoportal\/wp-json\/wp\/v2\/types\/post"}],"author":[{"embeddable":true,"href":"https:\/\/www.sudoestehoje.com.br\/novoportal\/wp-json\/wp\/v2\/users\/2"}],"replies":[{"embeddable":true,"href":"https:\/\/www.sudoestehoje.com.br\/novoportal\/wp-json\/wp\/v2\/comments?post=34470"}],"version-history":[{"count":2,"href":"https:\/\/www.sudoestehoje.com.br\/novoportal\/wp-json\/wp\/v2\/posts\/34470\/revisions"}],"predecessor-version":[{"id":34473,"href":"https:\/\/www.sudoestehoje.com.br\/novoportal\/wp-json\/wp\/v2\/posts\/34470\/revisions\/34473"}],"wp:attachment":[{"href":"https:\/\/www.sudoestehoje.com.br\/novoportal\/wp-json\/wp\/v2\/media?parent=34470"}],"wp:term":[{"taxonomy":"category","embeddable":true,"href":"https:\/\/www.sudoestehoje.com.br\/novoportal\/wp-json\/wp\/v2\/categories?post=34470"},{"taxonomy":"post_tag","embeddable":true,"href":"https:\/\/www.sudoestehoje.com.br\/novoportal\/wp-json\/wp\/v2\/tags?post=34470"}],"curies":[{"name":"wp","href":"https:\/\/api.w.org\/{rel}","templated":true}]}}