
{"id":3447,"date":"2011-02-15T22:48:30","date_gmt":"2011-02-16T01:48:30","guid":{"rendered":"http:\/\/www.sudoestehoje.com.br\/novoportal\/?p=3447"},"modified":"2011-02-15T22:56:40","modified_gmt":"2011-02-16T01:56:40","slug":"torneiras-fechadas","status":"publish","type":"post","link":"https:\/\/www.sudoestehoje.com.br\/novoportal\/2011\/02\/15\/torneiras-fechadas\/","title":{"rendered":"TORNEIRAS FECHADAS"},"content":{"rendered":"<p style=\"text-align: center;\"><a id=\"apf6\" href=\"http:\/\/www.google.com.br\/imgres?imgurl=http:\/\/3.bp.blogspot.com\/_O2y1WZugmGo\/S-kjV2OEa4I\/AAAAAAAAGXU\/wthPJr3K3J0\/s320\/torneira%2Bsem%2B%C3%A1gua.jpg&amp;imgrefurl=http:\/\/www.blogdogabrieldiniz.com\/2010_05_11_archive.html&amp;usg=__ZqhcjiqbRvFppUV2HwqS4vCC_vg=&amp;h=320&amp;w=269&amp;sz=18&amp;hl=pt-br&amp;start=27&amp;zoom=1&amp;um=1&amp;itbs=1&amp;tbnid=GpKOWqs4wGj-mM:&amp;tbnh=118&amp;tbnw=99&amp;prev=\/images%3Fq%3DTORNEIRAS%2BFECHADAS%26start%3D20%26um%3D1%26hl%3Dpt-br%26sa%3DN%26rlz%3D1R2ADBS_pt-BRBR354%26ndsp%3D20%26tbs%3Disch:1&amp;ei=uCxbTaLLMYKB8gazxJCBDQ\"><img loading=\"lazy\" decoding=\"async\" id=\"ipfGpKOWqs4wGj-mM:\" src=\"http:\/\/t2.gstatic.com\/images?q=tbn:ANd9GcRcw7hKVauIJMPAeLCrKT5sSsnWhaY24y47AvyzPIU1eeJ5SOnZorQgDg\" alt=\"\" width=\"99\" height=\"118\" \/><\/a><a id=\"apf2\" href=\"http:\/\/www.google.com.br\/imgres?imgurl=http:\/\/blogs.diariodepernambuco.com.br\/politica\/wp-content\/uploads\/2011\/01\/orcamento.jpg&amp;imgrefurl=http:\/\/blogs.diariodepernambuco.com.br\/politica\/%3Ftag%3Dcorte&amp;usg=__5wTOrV-fa9tGcV2PvgPpI5q9HqE=&amp;h=364&amp;w=366&amp;sz=9&amp;hl=pt-br&amp;start=3&amp;zoom=1&amp;um=1&amp;itbs=1&amp;tbnid=7Hap9WPZ3vj5oM:&amp;tbnh=121&amp;tbnw=122&amp;prev=\/images%3Fq%3Dcortes%2Bor%25C3%25A7amento%2B2011%26um%3D1%26hl%3Dpt-br%26sa%3DN%26rlz%3D1R2ADBS_pt-BRBR354%26tbs%3Disch:1&amp;ei=TSxbTdHRIoK88ga7i_n8DA\"><\/a><\/p>\n<p>Quando eu avisei que este seria um ano dif\u00edcil para os prefeitos e que os governos federal e estadual fariam cortes, teve gente torcendo o nariz, achando que eu queria mesmo era &#8216;agourar&#8217; o prefeito Z\u00e9 Carlos. Pois a\u00ed est\u00e1: Dilma mandou cortar mais de 50 bilh\u00f5es do or\u00e7amento federal e Wagner j\u00e1 avisou que vai cortar mais de 1 bilh\u00e3o, do or\u00e7amento estadual, em 2011. Isto significa que as obras do governo, tocadas por aqui, v\u00e3o continuar em &#8216;c\u00e2mera lenta&#8217;, o que n\u00e3o \u00e9 nenhuma novidade. Inaugura\u00e7\u00f5es de verdade, s\u00f3 Deus sabe quando. Parodiando Tiririca, &#8220;pior do que est\u00e1, ainda fica&#8221;.<\/p>\n","protected":false},"excerpt":{"rendered":"<p>Quando eu avisei que este seria um ano dif\u00edcil para os prefeitos e que os governos federal e estadual fariam cortes, teve gente torcendo o nariz, achando que eu queria mesmo era &#8216;agourar&#8217; o prefeito Z\u00e9 Carlos. Pois a\u00ed est\u00e1: Dilma mandou cortar mais de 50 bilh\u00f5es do or\u00e7amento federal e Wagner j\u00e1 avisou que [&hellip;]<\/p>\n","protected":false},"author":2,"featured_media":0,"comment_status":"open","ping_status":"open","sticky":false,"template":"","format":"standard","meta":{"footnotes":"","_links_to":"","_links_to_target":""},"categories":[11],"tags":[],"class_list":["post-3447","post","type-post","status-publish","format-standard","hentry","category-quentinhas"],"views":1312,"_links":{"self":[{"href":"https:\/\/www.sudoestehoje.com.br\/novoportal\/wp-json\/wp\/v2\/posts\/3447","targetHints":{"allow":["GET"]}}],"collection":[{"href":"https:\/\/www.sudoestehoje.com.br\/novoportal\/wp-json\/wp\/v2\/posts"}],"about":[{"href":"https:\/\/www.sudoestehoje.com.br\/novoportal\/wp-json\/wp\/v2\/types\/post"}],"author":[{"embeddable":true,"href":"https:\/\/www.sudoestehoje.com.br\/novoportal\/wp-json\/wp\/v2\/users\/2"}],"replies":[{"embeddable":true,"href":"https:\/\/www.sudoestehoje.com.br\/novoportal\/wp-json\/wp\/v2\/comments?post=3447"}],"version-history":[{"count":3,"href":"https:\/\/www.sudoestehoje.com.br\/novoportal\/wp-json\/wp\/v2\/posts\/3447\/revisions"}],"predecessor-version":[{"id":3449,"href":"https:\/\/www.sudoestehoje.com.br\/novoportal\/wp-json\/wp\/v2\/posts\/3447\/revisions\/3449"}],"wp:attachment":[{"href":"https:\/\/www.sudoestehoje.com.br\/novoportal\/wp-json\/wp\/v2\/media?parent=3447"}],"wp:term":[{"taxonomy":"category","embeddable":true,"href":"https:\/\/www.sudoestehoje.com.br\/novoportal\/wp-json\/wp\/v2\/categories?post=3447"},{"taxonomy":"post_tag","embeddable":true,"href":"https:\/\/www.sudoestehoje.com.br\/novoportal\/wp-json\/wp\/v2\/tags?post=3447"}],"curies":[{"name":"wp","href":"https:\/\/api.w.org\/{rel}","templated":true}]}}