
{"id":34435,"date":"2014-02-13T08:38:53","date_gmt":"2014-02-13T11:38:53","guid":{"rendered":"http:\/\/www.sudoestehoje.com.br\/novoportal\/?p=34435"},"modified":"2014-02-14T09:29:26","modified_gmt":"2014-02-14T12:29:26","slug":"confronto-entre-mst-e-pm-na-frente-do-palacio-do-planalto-deixa-8-policiais-em-estado-grave","status":"publish","type":"post","link":"https:\/\/www.sudoestehoje.com.br\/novoportal\/2014\/02\/13\/confronto-entre-mst-e-pm-na-frente-do-palacio-do-planalto-deixa-8-policiais-em-estado-grave\/","title":{"rendered":"CONFRONTO ENTRE MST E PM NO PLANALTO DEIXA 8 POLICIAIS EM ESTADO GRAVE"},"content":{"rendered":"<div id=\"attachment_34436\" style=\"width: 510px\" class=\"wp-caption aligncenter\"><a href=\"http:\/\/www.sudoestehoje.com.br\/novoportal\/wp-content\/uploads\/2014\/02\/mst.jpg\"><img loading=\"lazy\" decoding=\"async\" aria-describedby=\"caption-attachment-34436\" class=\"size-full wp-image-34436\" alt=\"Pancadaria foi travada em frente ao Supremo e ao Pal\u00e1cio do Planalto. Foto O Globo\" src=\"http:\/\/www.sudoestehoje.com.br\/novoportal\/wp-content\/uploads\/2014\/02\/mst.jpg\" width=\"500\" height=\"375\" \/><\/a><p id=\"caption-attachment-34436\" class=\"wp-caption-text\">Pancadaria foi travada em frente ao Supremo e ao Pal\u00e1cio do Planalto. Foto O Globo<\/p><\/div>\n<p>BRAS\u00cdLIA &#8211; Um tumulto entre manifestantes do Movimento dos Trabalhadores Sem Terra (MST) e policiais em frente ao Pal\u00e1cio do Planalto durante a marcha dos militantes sem-terra \u00e0 Pra\u00e7a dos Tr\u00eas Poderes resultou em feridos dos dois lados. Enquanto 12 sem-terra tiveram que ser atendidos, segundo o MST, a Pol\u00edcia Militar informou que 30 policiais foram feridos no confronto, sendo que oito est\u00e3o em estado grave. Os militantes passaram a agredir a pol\u00edcia com paus, pedras portuguesas arrancadas do ch\u00e3o da pra\u00e7a e martelos. Os policiais responderam com balas de borracha e bombas de g\u00e1s lacrimog\u00eaneo.<\/p>\n<p>Antes, a sess\u00e3o do Supremo Tribunal Federal (STF) desta quarta-feira chegou a interrompida abruptamente quando manifestantes amea\u00e7aram invadir o pr\u00e9dio, que fica na Pra\u00e7a dos Tr\u00eas Poderes. No momento da confus\u00e3o, quem presidia a sess\u00e3o era o vice-presidente da Corte, ministro Ricardo Lewandowski. Segundo a assessoria de imprensa do MST, os manifestantes foram atingidos por balas de borracha. Mas o Corpo de bombeiros n\u00e3o confirmou a informa\u00e7\u00e3o. A marcha do MST contou com 15 mil pessoas. O Globo<\/p>\n","protected":false},"excerpt":{"rendered":"<p>BRAS\u00cdLIA &#8211; Um tumulto entre manifestantes do Movimento dos Trabalhadores Sem Terra (MST) e policiais em frente ao Pal\u00e1cio do Planalto durante a marcha dos militantes sem-terra \u00e0 Pra\u00e7a dos Tr\u00eas Poderes resultou em feridos dos dois lados. Enquanto 12 sem-terra tiveram que ser atendidos, segundo o MST, a Pol\u00edcia Militar informou que 30 policiais [&hellip;]<\/p>\n","protected":false},"author":2,"featured_media":0,"comment_status":"open","ping_status":"open","sticky":false,"template":"","format":"standard","meta":{"footnotes":"","_links_to":"","_links_to_target":""},"categories":[1],"tags":[],"class_list":["post-34435","post","type-post","status-publish","format-standard","hentry","category-geral"],"views":1243,"_links":{"self":[{"href":"https:\/\/www.sudoestehoje.com.br\/novoportal\/wp-json\/wp\/v2\/posts\/34435","targetHints":{"allow":["GET"]}}],"collection":[{"href":"https:\/\/www.sudoestehoje.com.br\/novoportal\/wp-json\/wp\/v2\/posts"}],"about":[{"href":"https:\/\/www.sudoestehoje.com.br\/novoportal\/wp-json\/wp\/v2\/types\/post"}],"author":[{"embeddable":true,"href":"https:\/\/www.sudoestehoje.com.br\/novoportal\/wp-json\/wp\/v2\/users\/2"}],"replies":[{"embeddable":true,"href":"https:\/\/www.sudoestehoje.com.br\/novoportal\/wp-json\/wp\/v2\/comments?post=34435"}],"version-history":[{"count":6,"href":"https:\/\/www.sudoestehoje.com.br\/novoportal\/wp-json\/wp\/v2\/posts\/34435\/revisions"}],"predecessor-version":[{"id":34474,"href":"https:\/\/www.sudoestehoje.com.br\/novoportal\/wp-json\/wp\/v2\/posts\/34435\/revisions\/34474"}],"wp:attachment":[{"href":"https:\/\/www.sudoestehoje.com.br\/novoportal\/wp-json\/wp\/v2\/media?parent=34435"}],"wp:term":[{"taxonomy":"category","embeddable":true,"href":"https:\/\/www.sudoestehoje.com.br\/novoportal\/wp-json\/wp\/v2\/categories?post=34435"},{"taxonomy":"post_tag","embeddable":true,"href":"https:\/\/www.sudoestehoje.com.br\/novoportal\/wp-json\/wp\/v2\/tags?post=34435"}],"curies":[{"name":"wp","href":"https:\/\/api.w.org\/{rel}","templated":true}]}}