
{"id":34416,"date":"2014-02-12T14:30:56","date_gmt":"2014-02-12T17:30:56","guid":{"rendered":"http:\/\/www.sudoestehoje.com.br\/novoportal\/?p=34416"},"modified":"2014-02-12T15:19:00","modified_gmt":"2014-02-12T18:19:00","slug":"acusado-de-lancar-rojao-que-matou-cinegrafista-e-preso-na-bahia","status":"publish","type":"post","link":"https:\/\/www.sudoestehoje.com.br\/novoportal\/2014\/02\/12\/acusado-de-lancar-rojao-que-matou-cinegrafista-e-preso-na-bahia\/","title":{"rendered":"ACUSADO DE LAN\u00c7AR ROJ\u00c3O QUE MATOU CINEGRAFISTA \u00c9 PRESO NA BAHIA"},"content":{"rendered":"<p><img decoding=\"async\" class=\"aligncenter\" alt=\"\" src=\"https:\/\/fbcdn-sphotos-d-a.akamaihd.net\/hphotos-ak-prn2\/t1\/1379956_839331056081958_1273181739_n.jpg\" width=\"500\" \/><\/p>\n<p>O auxiliar de servi\u00e7os Caio Silva de Souza, de 23 anos, suspeito de acender e soltar o roj\u00e3o que matou um cinegrafista da TV Bandeirantes em um protesto no Rio na semana passada, foi preso na madrugada desta quarta-feira (12) na Bahia. Uma equipe da Rede Globo registrou o momento da pris\u00e3o.<\/p>\n<p>O suspeito, procurado desde a noite de segunda (10), quando a Justi\u00e7a do Rio decretou sua pris\u00e3o tempor\u00e1ria, foi cercado e encontrado em uma pousada chamada Gon\u00e7alves, perto da rodovi\u00e1ria de\u00a0Feira de Santana, no centro-norte da Bahia, por volta das 2h (3h no hor\u00e1rio de Bras\u00edlia). Ele n\u00e3o ofereceu resist\u00eancia. O voo que levar\u00e1 Caio para o\u00a0Rio de Janeiro\u00a0est\u00e1 previsto para chegar ao aeroporto do Gale\u00e3o \u00e0s 8h40 desta quarta-feira, de onde ser\u00e1 levado para a Cidade da Pol\u00edcia, no Jacarezinho, no sub\u00farbio da cidade.<\/p>\n<p>A pris\u00e3o foi efetuada pelo delegado que investiga o caso, Maur\u00edcio Luciano de Almeida e Silva, da Pol\u00edcia Civil do Rio de Janeiro. Ele estava acompanhado do advogado de Caio, Jonas Tadeu, que tamb\u00e9m defende outro rapaz envolvido no caso, F\u00e1bio Raposo, que est\u00e1 preso no Rio.<\/p>\n<p>Caio Souza contou ap\u00f3s a pris\u00e3o que pretendia fugir\u00a0para a casa de um av\u00f4 no Cear\u00e1, quando foi convencido por telefone pela namorada a se entregar \u00e0 pol\u00edcia. Apontado como respons\u00e1vel por acender e posicionar o roj\u00e3o que causou a morte do cinegrafista Santiago Andrade, ele alegou logo ap\u00f3s a pris\u00e3o que n\u00e3o sabia que o artefato era um roj\u00e3o, e sim o explosivo conhecido como &#8220;cabe\u00e7\u00e3o de nego&#8221;. Ele pediu ainda desculpas pela &#8220;morte de um trabalhador, como ele pr\u00f3prio, sua m\u00e3e e seu pai.&#8221; G1<\/p>\n","protected":false},"excerpt":{"rendered":"<p>O auxiliar de servi\u00e7os Caio Silva de Souza, de 23 anos, suspeito de acender e soltar o roj\u00e3o que matou um cinegrafista da TV Bandeirantes em um protesto no Rio na semana passada, foi preso na madrugada desta quarta-feira (12) na Bahia. Uma equipe da Rede Globo registrou o momento da pris\u00e3o. O suspeito, procurado [&hellip;]<\/p>\n","protected":false},"author":2,"featured_media":0,"comment_status":"open","ping_status":"open","sticky":false,"template":"","format":"standard","meta":{"footnotes":"","_links_to":"","_links_to_target":""},"categories":[1],"tags":[],"class_list":["post-34416","post","type-post","status-publish","format-standard","hentry","category-geral"],"views":1242,"_links":{"self":[{"href":"https:\/\/www.sudoestehoje.com.br\/novoportal\/wp-json\/wp\/v2\/posts\/34416","targetHints":{"allow":["GET"]}}],"collection":[{"href":"https:\/\/www.sudoestehoje.com.br\/novoportal\/wp-json\/wp\/v2\/posts"}],"about":[{"href":"https:\/\/www.sudoestehoje.com.br\/novoportal\/wp-json\/wp\/v2\/types\/post"}],"author":[{"embeddable":true,"href":"https:\/\/www.sudoestehoje.com.br\/novoportal\/wp-json\/wp\/v2\/users\/2"}],"replies":[{"embeddable":true,"href":"https:\/\/www.sudoestehoje.com.br\/novoportal\/wp-json\/wp\/v2\/comments?post=34416"}],"version-history":[{"count":4,"href":"https:\/\/www.sudoestehoje.com.br\/novoportal\/wp-json\/wp\/v2\/posts\/34416\/revisions"}],"predecessor-version":[{"id":34427,"href":"https:\/\/www.sudoestehoje.com.br\/novoportal\/wp-json\/wp\/v2\/posts\/34416\/revisions\/34427"}],"wp:attachment":[{"href":"https:\/\/www.sudoestehoje.com.br\/novoportal\/wp-json\/wp\/v2\/media?parent=34416"}],"wp:term":[{"taxonomy":"category","embeddable":true,"href":"https:\/\/www.sudoestehoje.com.br\/novoportal\/wp-json\/wp\/v2\/categories?post=34416"},{"taxonomy":"post_tag","embeddable":true,"href":"https:\/\/www.sudoestehoje.com.br\/novoportal\/wp-json\/wp\/v2\/tags?post=34416"}],"curies":[{"name":"wp","href":"https:\/\/api.w.org\/{rel}","templated":true}]}}