
{"id":34408,"date":"2014-02-11T22:46:02","date_gmt":"2014-02-12T01:46:02","guid":{"rendered":"http:\/\/www.sudoestehoje.com.br\/novoportal\/?p=34408"},"modified":"2014-02-11T22:46:02","modified_gmt":"2014-02-12T01:46:02","slug":"sandro-regis-critica-incoerencia-do-pt-sobre-aumento-do-iptu","status":"publish","type":"post","link":"https:\/\/www.sudoestehoje.com.br\/novoportal\/2014\/02\/11\/sandro-regis-critica-incoerencia-do-pt-sobre-aumento-do-iptu\/","title":{"rendered":"SANDRO REGIS CRITICA INCOER\u00caNCIA DO PT SOBRE AUMENTO DO IPTU"},"content":{"rendered":"<p style=\"text-align: center;\"><img decoding=\"async\" class=\"aligncenter\" alt=\"\" src=\"http:\/\/www.politicalivre.com.br\/wp-content\/thumbgen_cache\/217172f3abacd2ffe14c3796268e3bb1.jpg\" width=\"450\" \/><\/p>\n<p>SALVADOR: \u201cA maioria dos vereadores do PT votou a favor, enquanto aqui os deputados petistas discursam contra. O partido \u00e9 um verdadeiro samba do criolo doido\u201d. Este foi o tom do discurso do deputado Sandro R\u00e9gis (DEM) na sess\u00e3o plen\u00e1ria desta ter\u00e7a-feira (11), na Assembleia Legislativa, sobre o reajuste do IPTU em Salvador.<\/p>\n<p>Depois de ouvir cr\u00edticas dos parlamentares petistas, o democrata questionou a coer\u00eancia do partido que parece dividido sobre o assunto. Dos sete vereadores petistas na C\u00e2mara Municipal de Salvador, cinco votaram a favor do reajuste do IPTU \u2013 Henrique Carballal, Mois\u00e1s Rocha, J. Carlos Filho, Luiz Carlos Su\u00edca e Lessa.<\/p>\n<p>Para R\u00e9gis, os vereadores entendem que o IPTU \u201c\u00e9 o principal imposto de arrecada\u00e7\u00e3o do munic\u00edpio\u201d, respons\u00e1vel por dar \u201cequil\u00edbrio e sustenta\u00e7\u00e3o \u00e0 m\u00e1quina p\u00fablica\u201d. O l\u00edder do Democratas na Assembleia, deputado Carlos Gaban endossou a cr\u00edtica do colega e parabenizou os vereadores que votaram pelo bem da cidade, independente de vincula\u00e7\u00f5es partid\u00e1rias.<\/p>\n<p>Provocando os demais parlamentares, Gaban disparou: \u201cos deputados de carteirinha, de ar-condicionado e gabinete, que s\u00f3 saem daqui para pedir voto nas elei\u00e7\u00f5es falam o que n\u00e3o sabem\u201d. R\u00e9gis ressaltou ainda que a popula\u00e7\u00e3o de Salvador j\u00e1 percebeu a diferen\u00e7a do jeito Democratas de administrar e que o prefeito ACM Neto foi avaliado como o melhor do pa\u00eds de acordo com pesquisas realizadas por diversos institutos, o que demonstra a confian\u00e7a e a aprova\u00e7\u00e3o do gestor.<\/p>\n","protected":false},"excerpt":{"rendered":"<p>SALVADOR: \u201cA maioria dos vereadores do PT votou a favor, enquanto aqui os deputados petistas discursam contra. O partido \u00e9 um verdadeiro samba do criolo doido\u201d. Este foi o tom do discurso do deputado Sandro R\u00e9gis (DEM) na sess\u00e3o plen\u00e1ria desta ter\u00e7a-feira (11), na Assembleia Legislativa, sobre o reajuste do IPTU em Salvador. Depois de [&hellip;]<\/p>\n","protected":false},"author":2,"featured_media":0,"comment_status":"open","ping_status":"open","sticky":false,"template":"","format":"standard","meta":{"footnotes":"","_links_to":"","_links_to_target":""},"categories":[1],"tags":[],"class_list":["post-34408","post","type-post","status-publish","format-standard","hentry","category-geral"],"views":1230,"_links":{"self":[{"href":"https:\/\/www.sudoestehoje.com.br\/novoportal\/wp-json\/wp\/v2\/posts\/34408","targetHints":{"allow":["GET"]}}],"collection":[{"href":"https:\/\/www.sudoestehoje.com.br\/novoportal\/wp-json\/wp\/v2\/posts"}],"about":[{"href":"https:\/\/www.sudoestehoje.com.br\/novoportal\/wp-json\/wp\/v2\/types\/post"}],"author":[{"embeddable":true,"href":"https:\/\/www.sudoestehoje.com.br\/novoportal\/wp-json\/wp\/v2\/users\/2"}],"replies":[{"embeddable":true,"href":"https:\/\/www.sudoestehoje.com.br\/novoportal\/wp-json\/wp\/v2\/comments?post=34408"}],"version-history":[{"count":1,"href":"https:\/\/www.sudoestehoje.com.br\/novoportal\/wp-json\/wp\/v2\/posts\/34408\/revisions"}],"predecessor-version":[{"id":34409,"href":"https:\/\/www.sudoestehoje.com.br\/novoportal\/wp-json\/wp\/v2\/posts\/34408\/revisions\/34409"}],"wp:attachment":[{"href":"https:\/\/www.sudoestehoje.com.br\/novoportal\/wp-json\/wp\/v2\/media?parent=34408"}],"wp:term":[{"taxonomy":"category","embeddable":true,"href":"https:\/\/www.sudoestehoje.com.br\/novoportal\/wp-json\/wp\/v2\/categories?post=34408"},{"taxonomy":"post_tag","embeddable":true,"href":"https:\/\/www.sudoestehoje.com.br\/novoportal\/wp-json\/wp\/v2\/tags?post=34408"}],"curies":[{"name":"wp","href":"https:\/\/api.w.org\/{rel}","templated":true}]}}