
{"id":34402,"date":"2014-02-10T22:41:18","date_gmt":"2014-02-11T01:41:18","guid":{"rendered":"http:\/\/www.sudoestehoje.com.br\/novoportal\/?p=34402"},"modified":"2014-02-10T22:41:18","modified_gmt":"2014-02-11T01:41:18","slug":"vereador-alfredo-cabral-pede-explicacoes-ao-frigorifico-sudoeste-sobre-mau-cheiro-que-atinge-a-cidade","status":"publish","type":"post","link":"https:\/\/www.sudoestehoje.com.br\/novoportal\/2014\/02\/10\/vereador-alfredo-cabral-pede-explicacoes-ao-frigorifico-sudoeste-sobre-mau-cheiro-que-atinge-a-cidade\/","title":{"rendered":"VEREADOR ALFREDO CABRAL PEDE EXPLICA\u00c7\u00d5ES AO FRIGOR\u00cdFICO SUDOESTE SOBRE MAU CHEIRO QUE ATINGE A CIDADE"},"content":{"rendered":"<p><img decoding=\"async\" class=\"aligncenter\" alt=\"\" src=\"https:\/\/fbcdn-sphotos-g-a.akamaihd.net\/hphotos-ak-ash3\/t1\/1618440_393260657485496_1124021284_n.jpg\" width=\"500\" \/><\/p>\n<p>ITAPETINGA: Preocupado com o odor desagrad\u00e1vel que periodicamente atinge Itapetinga, e considerando as reclama\u00e7\u00f5es da popula\u00e7\u00e3o do munic\u00edpio, o vereador Alfredo Cabral de Assis se dirigiu, nesta segunda-feira, at\u00e9 a sede do Frigor\u00edfico Regional do Sudoeste e conversou com o s\u00f3cio diretor Jos\u00e9 Marcos Ribeiro Costa a respeito do problema.<\/p>\n<p>Segundo Jos\u00e9 Marcos (Marquinhos), no passado todos debitavam a responsabilidade ao Frigor\u00edfico Sudoeste, o que teria levado a empresa a efetuar um investimento na ordem de R$ 350.000,00, com a instala\u00e7\u00e3o de um aerocondensador, com a finalidade de eliminar os gases, condensando o vapor e transformando-o em \u00e1gua, evitando, assim, o lan\u00e7amento na atmosfera.<\/p>\n<p>Foi dito ainda que al\u00e9m dos investimentos, houve um acr\u00e9scimo no consumo de energia em torno de 20%, ap\u00f3s instala\u00e7\u00e3o do equipamento. \u00a0O empres\u00e1rio informou ainda que em qualquer frigor\u00edfico existe a possibilidade da exist\u00eancia, em torno de 5%, de evas\u00e3o do odor.<\/p>\n<p>O vereador Alfredo Cabral informou que durante o per\u00edodo que permaneceu nas proximidades do parque industrial do Frigor\u00edfico, n\u00e3o constatou o exalamento dos gases, garantindo que continuar\u00e1 investigando o caso, para saber de onde vem o odor que tanto incomoda a popula\u00e7\u00e3o. Ascom<\/p>\n","protected":false},"excerpt":{"rendered":"<p>ITAPETINGA: Preocupado com o odor desagrad\u00e1vel que periodicamente atinge Itapetinga, e considerando as reclama\u00e7\u00f5es da popula\u00e7\u00e3o do munic\u00edpio, o vereador Alfredo Cabral de Assis se dirigiu, nesta segunda-feira, at\u00e9 a sede do Frigor\u00edfico Regional do Sudoeste e conversou com o s\u00f3cio diretor Jos\u00e9 Marcos Ribeiro Costa a respeito do problema. Segundo Jos\u00e9 Marcos (Marquinhos), no [&hellip;]<\/p>\n","protected":false},"author":2,"featured_media":0,"comment_status":"open","ping_status":"open","sticky":false,"template":"","format":"standard","meta":{"footnotes":"","_links_to":"","_links_to_target":""},"categories":[1],"tags":[],"class_list":["post-34402","post","type-post","status-publish","format-standard","hentry","category-geral"],"views":1342,"_links":{"self":[{"href":"https:\/\/www.sudoestehoje.com.br\/novoportal\/wp-json\/wp\/v2\/posts\/34402","targetHints":{"allow":["GET"]}}],"collection":[{"href":"https:\/\/www.sudoestehoje.com.br\/novoportal\/wp-json\/wp\/v2\/posts"}],"about":[{"href":"https:\/\/www.sudoestehoje.com.br\/novoportal\/wp-json\/wp\/v2\/types\/post"}],"author":[{"embeddable":true,"href":"https:\/\/www.sudoestehoje.com.br\/novoportal\/wp-json\/wp\/v2\/users\/2"}],"replies":[{"embeddable":true,"href":"https:\/\/www.sudoestehoje.com.br\/novoportal\/wp-json\/wp\/v2\/comments?post=34402"}],"version-history":[{"count":4,"href":"https:\/\/www.sudoestehoje.com.br\/novoportal\/wp-json\/wp\/v2\/posts\/34402\/revisions"}],"predecessor-version":[{"id":34407,"href":"https:\/\/www.sudoestehoje.com.br\/novoportal\/wp-json\/wp\/v2\/posts\/34402\/revisions\/34407"}],"wp:attachment":[{"href":"https:\/\/www.sudoestehoje.com.br\/novoportal\/wp-json\/wp\/v2\/media?parent=34402"}],"wp:term":[{"taxonomy":"category","embeddable":true,"href":"https:\/\/www.sudoestehoje.com.br\/novoportal\/wp-json\/wp\/v2\/categories?post=34402"},{"taxonomy":"post_tag","embeddable":true,"href":"https:\/\/www.sudoestehoje.com.br\/novoportal\/wp-json\/wp\/v2\/tags?post=34402"}],"curies":[{"name":"wp","href":"https:\/\/api.w.org\/{rel}","templated":true}]}}