
{"id":34394,"date":"2014-02-10T20:41:36","date_gmt":"2014-02-10T23:41:36","guid":{"rendered":"http:\/\/www.sudoestehoje.com.br\/novoportal\/?p=34394"},"modified":"2014-02-10T21:03:34","modified_gmt":"2014-02-11T00:03:34","slug":"itapetinga-fazendas-sao-invadidas-por-indios-na-regiao-de-palmares","status":"publish","type":"post","link":"https:\/\/www.sudoestehoje.com.br\/novoportal\/2014\/02\/10\/itapetinga-fazendas-sao-invadidas-por-indios-na-regiao-de-palmares\/","title":{"rendered":"ITAPETINGA: FAZENDAS S\u00c3O INVADIDAS POR \u00cdNDIOS NA REGI\u00c3O DE PALMARES"},"content":{"rendered":"<div id=\"attachment_34395\" style=\"width: 510px\" class=\"wp-caption aligncenter\"><a href=\"http:\/\/www.sudoestehoje.com.br\/novoportal\/wp-content\/uploads\/2014\/02\/indios.jpg\"><img loading=\"lazy\" decoding=\"async\" aria-describedby=\"caption-attachment-34395\" class=\"size-medium wp-image-34395\" alt=\"indios\" src=\"http:\/\/www.sudoestehoje.com.br\/novoportal\/wp-content\/uploads\/2014\/02\/indios-500x326.jpg\" width=\"500\" height=\"326\" srcset=\"https:\/\/www.sudoestehoje.com.br\/novoportal\/wp-content\/uploads\/2014\/02\/indios-500x326.jpg 500w, https:\/\/www.sudoestehoje.com.br\/novoportal\/wp-content\/uploads\/2014\/02\/indios.jpg 650w\" sizes=\"auto, (max-width: 500px) 100vw, 500px\" \/><\/a><p id=\"caption-attachment-34395\" class=\"wp-caption-text\">\u00cdndios Patax\u00f3s durante invas\u00e3o de propriedades no vizinho munic\u00edpio de Itaju do Col\u00f4nia.<\/p><\/div>\n<p>Desde o \u00faltimo final de semana, circulam informa\u00e7\u00f5es de que algumas fazendas localizadas na regi\u00e3o do distrito de Palmares, em Itapetinga, teriam sido invadidas por \u00edndios, provavelmente da tribo Patax\u00f3 H\u00e3h\u00e3h\u00e3e, localizada no vizinho munic\u00edpio de Pau Brasil.<\/p>\n<p>Nesta segunda-feira, propriet\u00e1rios rurais registraram queixa no Complexo Policial de Itapetinga, dando conta da invas\u00e3o de tr\u00eas propriedades, com a expuls\u00e3o dos seus funcion\u00e1rios (vaqueiros e familiares), que foram amea\u00e7ados com armas de fogo portadas por um grupo de \u00edndios. A Fazenda Inhuma \u00e9 uma das propriedades invadidas.<\/p>\n<p>A nossa reportagem entrou em contato com o ex-vereador Ari Cursino, morador do distrito, que informou haver uma boataria em Palmares, havendo tamb\u00e9m uma certa preocupa\u00e7\u00e3o a respeito do ocorrido.<\/p>\n<p>As informa\u00e7\u00f5es, entretanto, ainda s\u00e3o desencontradas, mas a Pol\u00edcia Civil j\u00e1 teria encaminhado o conte\u00fado da queixa prestada no Complexo, \u00e0 Pol\u00edcia Federal.<\/p>\n<p>S\u00f3 faltava essa em Itapetinga&#8230;<\/p>\n<p><strong><em>Por Davi Ferraz\u00a0<\/em><\/strong><\/p>\n","protected":false},"excerpt":{"rendered":"<p>Desde o \u00faltimo final de semana, circulam informa\u00e7\u00f5es de que algumas fazendas localizadas na regi\u00e3o do distrito de Palmares, em Itapetinga, teriam sido invadidas por \u00edndios, provavelmente da tribo Patax\u00f3 H\u00e3h\u00e3h\u00e3e, localizada no vizinho munic\u00edpio de Pau Brasil. Nesta segunda-feira, propriet\u00e1rios rurais registraram queixa no Complexo Policial de Itapetinga, dando conta da invas\u00e3o de tr\u00eas [&hellip;]<\/p>\n","protected":false},"author":2,"featured_media":0,"comment_status":"open","ping_status":"open","sticky":false,"template":"","format":"standard","meta":{"footnotes":"","_links_to":"","_links_to_target":""},"categories":[1],"tags":[],"class_list":["post-34394","post","type-post","status-publish","format-standard","hentry","category-geral"],"views":2489,"_links":{"self":[{"href":"https:\/\/www.sudoestehoje.com.br\/novoportal\/wp-json\/wp\/v2\/posts\/34394","targetHints":{"allow":["GET"]}}],"collection":[{"href":"https:\/\/www.sudoestehoje.com.br\/novoportal\/wp-json\/wp\/v2\/posts"}],"about":[{"href":"https:\/\/www.sudoestehoje.com.br\/novoportal\/wp-json\/wp\/v2\/types\/post"}],"author":[{"embeddable":true,"href":"https:\/\/www.sudoestehoje.com.br\/novoportal\/wp-json\/wp\/v2\/users\/2"}],"replies":[{"embeddable":true,"href":"https:\/\/www.sudoestehoje.com.br\/novoportal\/wp-json\/wp\/v2\/comments?post=34394"}],"version-history":[{"count":6,"href":"https:\/\/www.sudoestehoje.com.br\/novoportal\/wp-json\/wp\/v2\/posts\/34394\/revisions"}],"predecessor-version":[{"id":34401,"href":"https:\/\/www.sudoestehoje.com.br\/novoportal\/wp-json\/wp\/v2\/posts\/34394\/revisions\/34401"}],"wp:attachment":[{"href":"https:\/\/www.sudoestehoje.com.br\/novoportal\/wp-json\/wp\/v2\/media?parent=34394"}],"wp:term":[{"taxonomy":"category","embeddable":true,"href":"https:\/\/www.sudoestehoje.com.br\/novoportal\/wp-json\/wp\/v2\/categories?post=34394"},{"taxonomy":"post_tag","embeddable":true,"href":"https:\/\/www.sudoestehoje.com.br\/novoportal\/wp-json\/wp\/v2\/tags?post=34394"}],"curies":[{"name":"wp","href":"https:\/\/api.w.org\/{rel}","templated":true}]}}