
{"id":34383,"date":"2014-02-10T14:50:08","date_gmt":"2014-02-10T17:50:08","guid":{"rendered":"http:\/\/www.sudoestehoje.com.br\/novoportal\/?p=34383"},"modified":"2014-02-10T14:56:39","modified_gmt":"2014-02-10T17:56:39","slug":"itapetinguense-morre-em-grave-acidente-proximo-a-itororo","status":"publish","type":"post","link":"https:\/\/www.sudoestehoje.com.br\/novoportal\/2014\/02\/10\/itapetinguense-morre-em-grave-acidente-proximo-a-itororo\/","title":{"rendered":"ITAPETINGUENSE MORRE EM GRAVE ACIDENTE PR\u00d3XIMO A ITOROR\u00d3"},"content":{"rendered":"<p><img decoding=\"async\" class=\"alignleft\" alt=\"1616798_341401649331951_191717594_n\" src=\"http:\/\/www.g4tv.com.br\/wp-content\/uploads\/2014\/02\/1616798_341401649331951_191717594_n.jpg\" \/><\/p>\n<p>Na noite de ontem, domingo (09), houve um tr\u00e1gico acidente com v\u00edtima fatal na Rodovia Itapetinga\/Itoror\u00f3 \/ BA-263, nas proximidades da Fazenda Atalaia, Zona Rural de Itapetinga, envolvendo um Fiat Strada, placa policial OLG 1582, licen\u00e7a de Itapetinga. De acordo com o vaqueiro daquela localidade, o acidente ocorreu por volta das 22:30h, onde o mesmo ouviu o barulho do carro desgovernado na pista. Segundo informa\u00e7\u00f5es de familiares, \u00a0Aroldo teve o \u00faltimo contato com sua esposa e sua irm\u00e3,\u00a0\u00e0s 21;00h de ontem.<\/p>\n<p>Aroldo Carlos Moreira da Cruz, casado com Katia Rodrigues, deixa dois filhos,\u00a0Julia e Gabriel. Era\u00a0propriet\u00e1rio da empresa TERMOFRIO, residente a rua Davino Ferreira, 110 \u2013 Clodoaldo Costa. Por ironia do destino, ontem foi o anivers\u00e1rio de Aroldo, completava 42 anos.<\/p>\n<p>O que nos chamou a aten\u00e7\u00e3o foi que a v\u00edtima estava s\u00f3 camisa e da cintura pra baixo estava completamente nu. Em seu short, encontrado logo ao lado do acidente, dentro de um dos bolsos, tinha um cheque com valor e nome n\u00e3o divulgados.<\/p>\n<p>A Pol\u00edcia Rodovi\u00e1ria esteve no local e sinalizou a rodovia, bem como registrou os dados da ocorr\u00eancia. Pol\u00edcia Civil e DPT estiveram no local para efetuar o levantamento cadav\u00e9rico. <em>(Por G4TV &#8211; Fotos Clewton Dias\/Gazinho)<\/em><\/p>\n<p><img decoding=\"async\" class=\"aligncenter\" alt=\"_DSC5365\" src=\"http:\/\/www.g4tv.com.br\/wp-content\/uploads\/2014\/02\/DSC5365.jpg\" width=\"500\" \/><\/p>\n<p><img decoding=\"async\" class=\"aligncenter\" alt=\"_DSC5361\" src=\"http:\/\/www.g4tv.com.br\/wp-content\/uploads\/2014\/02\/DSC5361.jpg\" width=\"500\" \/><\/p>\n<p><img decoding=\"async\" class=\"aligncenter\" alt=\"_DSC5395\" src=\"http:\/\/www.g4tv.com.br\/wp-content\/uploads\/2014\/02\/DSC5395.jpg\" width=\"500\" \/><\/p>\n","protected":false},"excerpt":{"rendered":"<p>Na noite de ontem, domingo (09), houve um tr\u00e1gico acidente com v\u00edtima fatal na Rodovia Itapetinga\/Itoror\u00f3 \/ BA-263, nas proximidades da Fazenda Atalaia, Zona Rural de Itapetinga, envolvendo um Fiat Strada, placa policial OLG 1582, licen\u00e7a de Itapetinga. De acordo com o vaqueiro daquela localidade, o acidente ocorreu por volta das 22:30h, onde o mesmo [&hellip;]<\/p>\n","protected":false},"author":2,"featured_media":0,"comment_status":"open","ping_status":"open","sticky":false,"template":"","format":"standard","meta":{"footnotes":"","_links_to":"","_links_to_target":""},"categories":[1],"tags":[],"class_list":["post-34383","post","type-post","status-publish","format-standard","hentry","category-geral"],"views":2126,"_links":{"self":[{"href":"https:\/\/www.sudoestehoje.com.br\/novoportal\/wp-json\/wp\/v2\/posts\/34383","targetHints":{"allow":["GET"]}}],"collection":[{"href":"https:\/\/www.sudoestehoje.com.br\/novoportal\/wp-json\/wp\/v2\/posts"}],"about":[{"href":"https:\/\/www.sudoestehoje.com.br\/novoportal\/wp-json\/wp\/v2\/types\/post"}],"author":[{"embeddable":true,"href":"https:\/\/www.sudoestehoje.com.br\/novoportal\/wp-json\/wp\/v2\/users\/2"}],"replies":[{"embeddable":true,"href":"https:\/\/www.sudoestehoje.com.br\/novoportal\/wp-json\/wp\/v2\/comments?post=34383"}],"version-history":[{"count":5,"href":"https:\/\/www.sudoestehoje.com.br\/novoportal\/wp-json\/wp\/v2\/posts\/34383\/revisions"}],"predecessor-version":[{"id":34388,"href":"https:\/\/www.sudoestehoje.com.br\/novoportal\/wp-json\/wp\/v2\/posts\/34383\/revisions\/34388"}],"wp:attachment":[{"href":"https:\/\/www.sudoestehoje.com.br\/novoportal\/wp-json\/wp\/v2\/media?parent=34383"}],"wp:term":[{"taxonomy":"category","embeddable":true,"href":"https:\/\/www.sudoestehoje.com.br\/novoportal\/wp-json\/wp\/v2\/categories?post=34383"},{"taxonomy":"post_tag","embeddable":true,"href":"https:\/\/www.sudoestehoje.com.br\/novoportal\/wp-json\/wp\/v2\/tags?post=34383"}],"curies":[{"name":"wp","href":"https:\/\/api.w.org\/{rel}","templated":true}]}}