
{"id":34373,"date":"2014-02-09T09:13:31","date_gmt":"2014-02-09T12:13:31","guid":{"rendered":"http:\/\/www.sudoestehoje.com.br\/novoportal\/?p=34373"},"modified":"2014-02-09T09:13:31","modified_gmt":"2014-02-09T12:13:31","slug":"medicos-cubanos-moram-em-republica-vivem-de-cesta-basica-e-pegam-onibus","status":"publish","type":"post","link":"https:\/\/www.sudoestehoje.com.br\/novoportal\/2014\/02\/09\/medicos-cubanos-moram-em-republica-vivem-de-cesta-basica-e-pegam-onibus\/","title":{"rendered":"M\u00c9DICOS CUBANOS MORAM EM REP\u00daBLICA, VIVEM DE CESTA B\u00c1SICA E PEGAM \u00d4NIBUS"},"content":{"rendered":"<p><a href=\"http:\/\/www.sudoestehoje.com.br\/novoportal\/wp-content\/uploads\/2014\/02\/CUBANOS.jpg\"><img loading=\"lazy\" decoding=\"async\" class=\"aligncenter size-medium wp-image-34375\" alt=\"CUBANOS\" src=\"http:\/\/www.sudoestehoje.com.br\/novoportal\/wp-content\/uploads\/2014\/02\/CUBANOS-500x350.jpg\" width=\"500\" height=\"350\" srcset=\"https:\/\/www.sudoestehoje.com.br\/novoportal\/wp-content\/uploads\/2014\/02\/CUBANOS-500x350.jpg 500w, https:\/\/www.sudoestehoje.com.br\/novoportal\/wp-content\/uploads\/2014\/02\/CUBANOS.jpg 620w\" sizes=\"auto, (max-width: 500px) 100vw, 500px\" \/><\/a><\/p>\n<p><strong><em>Estad\u00e3o<\/em><\/strong><\/p>\n<p>Cubanos do programa federal Mais M\u00e9dicos, respons\u00e1veis pelo atendimento em unidades b\u00e1sicas de sa\u00fade nas periferias de grandes cidades e no interior do Pa\u00eds, t\u00eam trabalhado sem receber o dinheiro da ajuda de custo prometido pelas prefeituras. Para driblar o atraso, eles improvisam rep\u00fablicas, vivem de cestas b\u00e1sicas, recebem &#8220;vale-coxinha&#8221; e pagam, do pr\u00f3prio bolso, a passagem de \u00f4nibus para fazer visitas do Programa Sa\u00fade da Fam\u00edlia (PSF).<\/p>\n<p>Embora o Minist\u00e9rio da Sa\u00fade pague as bolsas, cabe \u00e0s prefeituras arcar com os custos de moradia, alimenta\u00e7\u00e3o e transporte. A cl\u00e1usula \u00e9 uma exig\u00eancia do governo federal para a participa\u00e7\u00e3o no programa.<\/p>\n<p>&#8220;Em Cuba, disseram que ter\u00edamos facilidades que n\u00e3o estamos encontrando aqui. Prometeram, por exemplo, que haveria um carro nas unidades para levar para as visitas domiciliares, mas isso n\u00e3o existe. Temos de pegar \u00f4nibus e pagamos a passagem&#8221;, diz uma m\u00e9dica cubana que atende em uma UBS da capital paulista.<!--more--><\/p>\n<p>Os m\u00e9dicos t\u00eam despesa extra de pelo menos R$ 24 com as tarifas. &#8220;Parece pouco, mas faz diferen\u00e7a porque recebemos s\u00f3 US$ 400, e o custo de vida aqui \u00e9 alto&#8221;, afirma. A bolsa em torno de R$ 900, ante a de R$ 10 mil paga a profissionais de outras nacionalidades, foi um dos motivos apresentados por Ramona Matos Rodr\u00edguez, de 51 anos, para abandonar o programa, no Par\u00e1, na semana passada.<\/p>\n<p>Os m\u00e9dicos reclamam tamb\u00e9m do vale-refei\u00e7\u00e3o. &#8220;S\u00e3o R$ 180 por m\u00eas, d\u00e1 R$ 8 por dia de trabalho. Onde voc\u00ea almo\u00e7a em S\u00e3o Paulo com esse dinheiro?&#8221;, pergunta um m\u00e9dico trazido por meio do conv\u00eanio entre a Organiza\u00e7\u00e3o Pan-americana de Sa\u00fade (Opas), o governo federal e o governo cubano, que fica com a maior parte da bolsa.<\/p>\n<p>Nenhum cubano ouvido na capital quis ter seu nome divulgado com medo de repres\u00e1lias. Eles receberam um comunicado oficial da Secretaria Municipal da Sa\u00fade que os pro\u00edbe de conceder entrevista sem autoriza\u00e7\u00e3o.<\/p>\n<p>Em Osasco, o maior problema \u00e9 o atraso no pagamento dos aux\u00edlios para moradia e alimenta\u00e7\u00e3o referentes ao m\u00eas de janeiro. &#8220;Eles n\u00e3o t\u00eam dinheiro para nada&#8221;, conta um m\u00e9dico sobre a condi\u00e7\u00e3o dos profissionais trazidos em dezembro. Os cubanos n\u00e3o comentam abertamente os contratos, mas, diante dos atrasos, admitem dificuldades.<\/p>\n<p>Gestores da sa\u00fade da cidade da Grande S\u00e3o Paulo relatam que m\u00e9dicos que n\u00e3o recebem a ajuda de custo s\u00e3o transportados em carro do servi\u00e7o p\u00fablico para as UBSs, de &#8220;casa&#8221; para o trabalho e do trabalho para &#8220;casa&#8221;. Eles moram ainda em hot\u00e9is. &#8220;Essa \u00e9 uma surpresa desagrad\u00e1vel do trabalho&#8221;, disse um m\u00e9dico do programa.<\/p>\n<p>Cubat\u00e3o tamb\u00e9m tem situa\u00e7\u00e3o dif\u00edcil. No munic\u00edpio da Baixada Santista, quatro m\u00e9dicas cubanas foram alojadas em uma casa, em uma esp\u00e9cie de rep\u00fablica, na qual vivem com cestas b\u00e1sicas da prefeitura em substitui\u00e7\u00e3o ao dinheiro da alimenta\u00e7\u00e3o, que ainda n\u00e3o veio. S\u00e3o Paulo, Osasco e Cubat\u00e3o s\u00e3o governados pelo PT.<\/p>\n<p>Os atrasos se repetem em Francisco Morato, munic\u00edpio dirigido pelo PV. Com nove cubanos, um uruguaio e um brasileiro formado na Argentina, a cidade deveria gastar com cada m\u00e9dico R$ 500 de ajuda de custo e R$ 2,5 mil no aluguel, segundo o conv\u00eanio com o Minist\u00e9rio da Sa\u00fade. Mas, at\u00e9 a semana passada, o pagamento era somente uma promessa.<\/p>\n<p><strong>Notifica\u00e7\u00f5es.<\/strong>\u00a0O descumprimento de regras n\u00e3o \u00e9 exclusividade dos munic\u00edpios paulistas. Em todo o Pa\u00eds, 37 prefeituras j\u00e1 foram notificadas pelo governo federal ap\u00f3s serem acusadas de irregularidades. A maioria das notifica\u00e7\u00f5es foi causada pela falta de pagamento dos aux\u00edlios.<\/p>\n<p>De acordo com a pasta, 27 dos casos j\u00e1 foram encerrados, a maioria deles com a regulariza\u00e7\u00e3o. No entanto, a prefeitura de Cear\u00e1-Mirim, no Rio Grande do Norte, foi descredenciada. A decis\u00e3o foi tomada no dia 24 do m\u00eas passado, ap\u00f3s o minist\u00e9rio tentar, por dois meses, fazer com que o munic\u00edpio pagasse os aux\u00edlios a tr\u00eas estrangeiros.<\/p>\n<p><strong>Miss\u00e3o.<\/strong>\u00a0Apesar de tantos problemas, h\u00e1 cubanos que encaram a atua\u00e7\u00e3o no Brasil como uma miss\u00e3o humanit\u00e1ria. Yaima Gonzalez, de 29 anos, \u00e9 um exemplo. Ao lado de dez compatriotas, ela n\u00e3o reclama do atraso nos aux\u00edlios em Osasco nem do porcentual recebido de Havana. &#8220;O governo de Cuba fez um contrato e estamos aqui para ajudar&#8221;, diz Yaima, que atuou na Venezuela.<\/p>\n<p>Para matar a saudade da fam\u00edlia, os contatos com as duas filhas s\u00e3o di\u00e1rios. &#8220;Conversamos por e-mail&#8221;, conta, lembrando que o contrato vai durar tr\u00eas anos. Quando n\u00e3o est\u00e1 na UBS, a cubana descansa no hotel e passeia pela capital. &#8220;J\u00e1 fui \u00e0 Rua 25 de Mar\u00e7o&#8221;, diz a m\u00e9dica, com um sorriso no rosto.<\/p>\n<p>Para o cubano Raidel Sanchez Rojas, de 43 anos, que trabalha na UBS Nova Osasco, o estilo de vida dos brasileiros \u00e9 sua maior preocupa\u00e7\u00e3o. &#8220;Encontramos aqui hipertens\u00e3o, diabetes, gastrites, obesidade. S\u00e3o doen\u00e7as que revelam um estilo de vida&#8221;, diz o m\u00e9dico, em bom portugu\u00eas. &#8220;Trabalhamos pela preven\u00e7\u00e3o&#8221;, afirma. Ele tamb\u00e9m \u00e9 v\u00edtima do atraso dos repasses, mas est\u00e1 otimista. Na semana passada, acreditava que logo alugaria uma casa em Osasco. Enfim, teria um lar.<\/p>\n<p>&nbsp;<\/p>\n","protected":false},"excerpt":{"rendered":"<p>Estad\u00e3o Cubanos do programa federal Mais M\u00e9dicos, respons\u00e1veis pelo atendimento em unidades b\u00e1sicas de sa\u00fade nas periferias de grandes cidades e no interior do Pa\u00eds, t\u00eam trabalhado sem receber o dinheiro da ajuda de custo prometido pelas prefeituras. Para driblar o atraso, eles improvisam rep\u00fablicas, vivem de cestas b\u00e1sicas, recebem &#8220;vale-coxinha&#8221; e pagam, do pr\u00f3prio [&hellip;]<\/p>\n","protected":false},"author":2,"featured_media":0,"comment_status":"open","ping_status":"open","sticky":false,"template":"","format":"standard","meta":{"footnotes":"","_links_to":"","_links_to_target":""},"categories":[1],"tags":[],"class_list":["post-34373","post","type-post","status-publish","format-standard","hentry","category-geral"],"views":1274,"_links":{"self":[{"href":"https:\/\/www.sudoestehoje.com.br\/novoportal\/wp-json\/wp\/v2\/posts\/34373","targetHints":{"allow":["GET"]}}],"collection":[{"href":"https:\/\/www.sudoestehoje.com.br\/novoportal\/wp-json\/wp\/v2\/posts"}],"about":[{"href":"https:\/\/www.sudoestehoje.com.br\/novoportal\/wp-json\/wp\/v2\/types\/post"}],"author":[{"embeddable":true,"href":"https:\/\/www.sudoestehoje.com.br\/novoportal\/wp-json\/wp\/v2\/users\/2"}],"replies":[{"embeddable":true,"href":"https:\/\/www.sudoestehoje.com.br\/novoportal\/wp-json\/wp\/v2\/comments?post=34373"}],"version-history":[{"count":2,"href":"https:\/\/www.sudoestehoje.com.br\/novoportal\/wp-json\/wp\/v2\/posts\/34373\/revisions"}],"predecessor-version":[{"id":34376,"href":"https:\/\/www.sudoestehoje.com.br\/novoportal\/wp-json\/wp\/v2\/posts\/34373\/revisions\/34376"}],"wp:attachment":[{"href":"https:\/\/www.sudoestehoje.com.br\/novoportal\/wp-json\/wp\/v2\/media?parent=34373"}],"wp:term":[{"taxonomy":"category","embeddable":true,"href":"https:\/\/www.sudoestehoje.com.br\/novoportal\/wp-json\/wp\/v2\/categories?post=34373"},{"taxonomy":"post_tag","embeddable":true,"href":"https:\/\/www.sudoestehoje.com.br\/novoportal\/wp-json\/wp\/v2\/tags?post=34373"}],"curies":[{"name":"wp","href":"https:\/\/api.w.org\/{rel}","templated":true}]}}