
{"id":34363,"date":"2014-02-08T19:21:36","date_gmt":"2014-02-08T22:21:36","guid":{"rendered":"http:\/\/www.sudoestehoje.com.br\/novoportal\/?p=34363"},"modified":"2014-02-08T19:26:09","modified_gmt":"2014-02-08T22:26:09","slug":"processo-de-cassacao-de-ze-carlos-e-alecio-esta-em-fase-final","status":"publish","type":"post","link":"https:\/\/www.sudoestehoje.com.br\/novoportal\/2014\/02\/08\/processo-de-cassacao-de-ze-carlos-e-alecio-esta-em-fase-final\/","title":{"rendered":"EXCLUSIVO: PROCESSO DE CASSA\u00c7\u00c3O DE Z\u00c9 CARLOS E AL\u00c9CIO EST\u00c1 EM FASE FINAL"},"content":{"rendered":"<p style=\"text-align: center;\"><a href=\"http:\/\/www.sudoestehoje.com.br\/novoportal\/wp-content\/uploads\/2014\/02\/despacho.jpg\"><img decoding=\"async\" class=\"aligncenter  wp-image-34364\" alt=\"despacho\" src=\"http:\/\/www.sudoestehoje.com.br\/novoportal\/wp-content\/uploads\/2014\/02\/despacho-375x500.jpg\" width=\"450\" srcset=\"https:\/\/www.sudoestehoje.com.br\/novoportal\/wp-content\/uploads\/2014\/02\/despacho-375x500.jpg 375w, https:\/\/www.sudoestehoje.com.br\/novoportal\/wp-content\/uploads\/2014\/02\/despacho-525x700.jpg 525w, https:\/\/www.sudoestehoje.com.br\/novoportal\/wp-content\/uploads\/2014\/02\/despacho.jpg 720w\" sizes=\"(max-width: 375px) 100vw, 375px\" \/><\/a><\/p>\n<p>ITAPETINGA: Contrariando as informa\u00e7\u00f5es do grupo do prefeito, que tenta a todo custo passar a ideia de que &#8220;est\u00e1 tudo sob controle&#8221; em rela\u00e7\u00e3o ao processo que pede a cassa\u00e7\u00e3o do chefe do executivo e seu vice, na Justi\u00e7a Eleitoral, ocorre exatamente o contr\u00e1rio.<\/p>\n<p>Nesta quinta-feira (08), a Justi\u00e7a Eleitoral publicou no seu Di\u00e1rio Eletr\u00f4nico, um despacho do Juiz Dr. Leo Andr\u00e9 Cerveira, com o seguinte teor:<\/p>\n<p><em> &#8220;Intimem-se as partes para manifestarem-se sobre os documentos de fls. 305\/2.911, no prazo comum de 02 (dois) dias;\u00a0<\/em><em>Em seguida, d\u00ea-se vista ao MPE para manifesta\u00e7\u00e3o, no prazo de 02 (dois) dias.\u00a0<\/em><em>Ap\u00f3s, voltem conclusos.&#8221;<\/em><\/p>\n<p>No linguajar t\u00e9cnico jur\u00eddico, o termo &#8220;concluso&#8221; significa &#8220;pronto para julgamento&#8221;, ou seja, o processo foi conclu\u00eddo e o juiz j\u00e1 est\u00e1 apto para prolatar a senten\u00e7a.<\/p>\n<p>Para quem anda por a\u00ed dizendo que este processo &#8220;n\u00e3o vai dar em nada&#8221;, porque o prefeito \u00e9 do PT, \u00e9 bom colocar as barbas de molho, pois o Juiz Eleitoral de Itapetinga \u00e9 s\u00e9rio, competente, atuante, e dar\u00e1 a sua senten\u00e7a de acordo com as provas dos autos.<\/p>\n<p>E \u00e9 a\u00ed que o bicho pega&#8230;<\/p>\n<p><strong><em>Por Davi Ferraz\u00a0<\/em><\/strong><\/p>\n","protected":false},"excerpt":{"rendered":"<p>ITAPETINGA: Contrariando as informa\u00e7\u00f5es do grupo do prefeito, que tenta a todo custo passar a ideia de que &#8220;est\u00e1 tudo sob controle&#8221; em rela\u00e7\u00e3o ao processo que pede a cassa\u00e7\u00e3o do chefe do executivo e seu vice, na Justi\u00e7a Eleitoral, ocorre exatamente o contr\u00e1rio. Nesta quinta-feira (08), a Justi\u00e7a Eleitoral publicou no seu Di\u00e1rio Eletr\u00f4nico, [&hellip;]<\/p>\n","protected":false},"author":2,"featured_media":0,"comment_status":"open","ping_status":"open","sticky":false,"template":"","format":"standard","meta":{"footnotes":"","_links_to":"","_links_to_target":""},"categories":[1],"tags":[],"class_list":["post-34363","post","type-post","status-publish","format-standard","hentry","category-geral"],"views":1179,"_links":{"self":[{"href":"https:\/\/www.sudoestehoje.com.br\/novoportal\/wp-json\/wp\/v2\/posts\/34363","targetHints":{"allow":["GET"]}}],"collection":[{"href":"https:\/\/www.sudoestehoje.com.br\/novoportal\/wp-json\/wp\/v2\/posts"}],"about":[{"href":"https:\/\/www.sudoestehoje.com.br\/novoportal\/wp-json\/wp\/v2\/types\/post"}],"author":[{"embeddable":true,"href":"https:\/\/www.sudoestehoje.com.br\/novoportal\/wp-json\/wp\/v2\/users\/2"}],"replies":[{"embeddable":true,"href":"https:\/\/www.sudoestehoje.com.br\/novoportal\/wp-json\/wp\/v2\/comments?post=34363"}],"version-history":[{"count":6,"href":"https:\/\/www.sudoestehoje.com.br\/novoportal\/wp-json\/wp\/v2\/posts\/34363\/revisions"}],"predecessor-version":[{"id":34370,"href":"https:\/\/www.sudoestehoje.com.br\/novoportal\/wp-json\/wp\/v2\/posts\/34363\/revisions\/34370"}],"wp:attachment":[{"href":"https:\/\/www.sudoestehoje.com.br\/novoportal\/wp-json\/wp\/v2\/media?parent=34363"}],"wp:term":[{"taxonomy":"category","embeddable":true,"href":"https:\/\/www.sudoestehoje.com.br\/novoportal\/wp-json\/wp\/v2\/categories?post=34363"},{"taxonomy":"post_tag","embeddable":true,"href":"https:\/\/www.sudoestehoje.com.br\/novoportal\/wp-json\/wp\/v2\/tags?post=34363"}],"curies":[{"name":"wp","href":"https:\/\/api.w.org\/{rel}","templated":true}]}}