
{"id":34346,"date":"2014-02-07T20:16:09","date_gmt":"2014-02-07T23:16:09","guid":{"rendered":"http:\/\/www.sudoestehoje.com.br\/novoportal\/?p=34346"},"modified":"2014-02-07T20:16:09","modified_gmt":"2014-02-07T23:16:09","slug":"mec-descarta-aplicacao-de-duas-provas-do-enem-por-ano","status":"publish","type":"post","link":"https:\/\/www.sudoestehoje.com.br\/novoportal\/2014\/02\/07\/mec-descarta-aplicacao-de-duas-provas-do-enem-por-ano\/","title":{"rendered":"MEC DESCARTA APLICA\u00c7\u00c3O DE DUAS PROVAS DO ENEM POR ANO"},"content":{"rendered":"<p style=\"text-align: center;\"><a href=\"http:\/\/www.sudoestehoje.com.br\/novoportal\/wp-content\/uploads\/2014\/02\/ENEM.jpg\"><img decoding=\"async\" class=\"aligncenter  wp-image-34347\" alt=\"ENEM\" src=\"http:\/\/www.sudoestehoje.com.br\/novoportal\/wp-content\/uploads\/2014\/02\/ENEM.jpg\" width=\"450\" \/><\/a><\/p>\n<p>O Minist\u00e9rio da Educa\u00e7\u00e3o confirmou nesta sexta-feira (7) a declara\u00e7\u00e3o do ministro Jos\u00e9 Henrique Paim de que n\u00e3o ser\u00e1 criada uma segunda prova anual do Exame Nacional do Ensino M\u00e9dio (Enem). O ministro fez a afirma\u00e7\u00e3o em entrevista fechada que concedeu a ve\u00edculos impressos ap\u00f3s tomar posse no cargo.<\/p>\n<p>Segundo a Ag\u00eancia Brasil, em 2009, o ent\u00e3o ministro da Educa\u00e7\u00e3o, Fernando Haddad, anunciou a aplica\u00e7\u00e3o de duas provas do Enem em um mesmo ano. Em maio de 2011, uma portaria foi publicada no Di\u00e1rio Oficial da Uni\u00e3o e definia que, a partir de 2012, o exame teria duas edi\u00e7\u00f5es por ano. As provas do primeiro semestre ocorreriam em abril e as do segundo, em novembro.\u00a0Em fevereiro de 2012, no entanto, a portaria foi revogada.<\/p>\n<p>O sucessor de Haddad no Minist\u00e9rio da Educa\u00e7\u00e3o, Aloizio Mercadante, tamb\u00e9m descartou a realiza\u00e7\u00e3o dos dois exames enquanto esteve \u00e0 frente da pasta. Paim assumiu o cargo na \u00faltima segunda-feira (3) e destacou no seu primeiro discurso o compromisso da pasta com a forma\u00e7\u00e3o de professores e disse que continuar\u00e1 expandindo o Programa Universidade para Todos (ProUni) e o Fundo de Financiamento Estudantil (Fies).<\/p>\n","protected":false},"excerpt":{"rendered":"<p>O Minist\u00e9rio da Educa\u00e7\u00e3o confirmou nesta sexta-feira (7) a declara\u00e7\u00e3o do ministro Jos\u00e9 Henrique Paim de que n\u00e3o ser\u00e1 criada uma segunda prova anual do Exame Nacional do Ensino M\u00e9dio (Enem). O ministro fez a afirma\u00e7\u00e3o em entrevista fechada que concedeu a ve\u00edculos impressos ap\u00f3s tomar posse no cargo. Segundo a Ag\u00eancia Brasil, em 2009, [&hellip;]<\/p>\n","protected":false},"author":2,"featured_media":0,"comment_status":"open","ping_status":"open","sticky":false,"template":"","format":"standard","meta":{"footnotes":"","_links_to":"","_links_to_target":""},"categories":[1],"tags":[],"class_list":["post-34346","post","type-post","status-publish","format-standard","hentry","category-geral"],"views":1192,"_links":{"self":[{"href":"https:\/\/www.sudoestehoje.com.br\/novoportal\/wp-json\/wp\/v2\/posts\/34346","targetHints":{"allow":["GET"]}}],"collection":[{"href":"https:\/\/www.sudoestehoje.com.br\/novoportal\/wp-json\/wp\/v2\/posts"}],"about":[{"href":"https:\/\/www.sudoestehoje.com.br\/novoportal\/wp-json\/wp\/v2\/types\/post"}],"author":[{"embeddable":true,"href":"https:\/\/www.sudoestehoje.com.br\/novoportal\/wp-json\/wp\/v2\/users\/2"}],"replies":[{"embeddable":true,"href":"https:\/\/www.sudoestehoje.com.br\/novoportal\/wp-json\/wp\/v2\/comments?post=34346"}],"version-history":[{"count":1,"href":"https:\/\/www.sudoestehoje.com.br\/novoportal\/wp-json\/wp\/v2\/posts\/34346\/revisions"}],"predecessor-version":[{"id":34348,"href":"https:\/\/www.sudoestehoje.com.br\/novoportal\/wp-json\/wp\/v2\/posts\/34346\/revisions\/34348"}],"wp:attachment":[{"href":"https:\/\/www.sudoestehoje.com.br\/novoportal\/wp-json\/wp\/v2\/media?parent=34346"}],"wp:term":[{"taxonomy":"category","embeddable":true,"href":"https:\/\/www.sudoestehoje.com.br\/novoportal\/wp-json\/wp\/v2\/categories?post=34346"},{"taxonomy":"post_tag","embeddable":true,"href":"https:\/\/www.sudoestehoje.com.br\/novoportal\/wp-json\/wp\/v2\/tags?post=34346"}],"curies":[{"name":"wp","href":"https:\/\/api.w.org\/{rel}","templated":true}]}}