
{"id":34340,"date":"2014-02-05T17:27:00","date_gmt":"2014-02-05T20:27:00","guid":{"rendered":"http:\/\/www.sudoestehoje.com.br\/novoportal\/?p=34340"},"modified":"2014-02-09T08:15:35","modified_gmt":"2014-02-09T11:15:35","slug":"sindicato-de-verdade-e-acusado-de-tentar-prorrogacao-de-mandato","status":"publish","type":"post","link":"https:\/\/www.sudoestehoje.com.br\/novoportal\/2014\/02\/05\/sindicato-de-verdade-e-acusado-de-tentar-prorrogacao-de-mandato\/","title":{"rendered":"SINDICATO DE VERDADE \u00c9 ACUSADO DE TENTAR PRORROGA\u00c7\u00c3O DE MANDATO"},"content":{"rendered":"<div id=\"attachment_34341\" style=\"width: 460px\" class=\"wp-caption aligncenter\"><a href=\"http:\/\/www.sudoestehoje.com.br\/novoportal\/wp-content\/uploads\/2014\/02\/sindicato-verdade.jpg\"><img decoding=\"async\" aria-describedby=\"caption-attachment-34341\" class=\" wp-image-34341 \" alt=\"Diretoria do Sindicado de Verdade \u00e9 acusada de tentar prorroga\u00e7\u00e3o de mandato at\u00e9 2015, por estar desgastada e com medo de perder elei\u00e7\u00e3o.\" src=\"http:\/\/www.sudoestehoje.com.br\/novoportal\/wp-content\/uploads\/2014\/02\/sindicato-verdade.jpg\" width=\"450\" \/><\/a><p id=\"caption-attachment-34341\" class=\"wp-caption-text\">Diretoria do Sindicato de Verdade \u00e9 acusada por opositores de tentar prorroga\u00e7\u00e3o de mandato at\u00e9 2015, por estar desgastada e com medo de perder elei\u00e7\u00e3o.<\/p><\/div>\n<p>ITAPETINGA: Um dos futuros candidatos da chapa de oposi\u00e7\u00e3o, na elei\u00e7\u00e3o do sindicato dos trabalhadores da Azal\u00e9ia, Cl\u00e1udio Paiva, vem denunciando na imprensa uma suposta manobra da atual diretoria do Sindicato de Verdade, para adiar para 2015 a elei\u00e7\u00e3o que deveria ser convocada no pr\u00f3ximo m\u00eas de mar\u00e7o.<\/p>\n<p>Cl\u00e1udio classificou a atitude dos dirigentes como de &#8220;desespero e medo de perder a elei\u00e7\u00e3o&#8221;. \u201cEstaremos reunindo toda a documenta\u00e7\u00e3o e iremos buscar na justi\u00e7a o direito que os trabalhadores da Azal\u00e9ia t\u00eam, de eleger uma nova diretoria\u201d, afirmou Cl\u00e1udio, que junto com Ellen est\u00e3o formando a chapa \u201cRenova\u00e7\u00e3o com transpar\u00eancia\u201d. Blog do Z\u00e9 Ferreira<\/p>\n","protected":false},"excerpt":{"rendered":"<p>ITAPETINGA: Um dos futuros candidatos da chapa de oposi\u00e7\u00e3o, na elei\u00e7\u00e3o do sindicato dos trabalhadores da Azal\u00e9ia, Cl\u00e1udio Paiva, vem denunciando na imprensa uma suposta manobra da atual diretoria do Sindicato de Verdade, para adiar para 2015 a elei\u00e7\u00e3o que deveria ser convocada no pr\u00f3ximo m\u00eas de mar\u00e7o. Cl\u00e1udio classificou a atitude dos dirigentes como [&hellip;]<\/p>\n","protected":false},"author":2,"featured_media":0,"comment_status":"open","ping_status":"open","sticky":false,"template":"","format":"standard","meta":{"footnotes":"","_links_to":"","_links_to_target":""},"categories":[1],"tags":[],"class_list":["post-34340","post","type-post","status-publish","format-standard","hentry","category-geral"],"views":1369,"_links":{"self":[{"href":"https:\/\/www.sudoestehoje.com.br\/novoportal\/wp-json\/wp\/v2\/posts\/34340","targetHints":{"allow":["GET"]}}],"collection":[{"href":"https:\/\/www.sudoestehoje.com.br\/novoportal\/wp-json\/wp\/v2\/posts"}],"about":[{"href":"https:\/\/www.sudoestehoje.com.br\/novoportal\/wp-json\/wp\/v2\/types\/post"}],"author":[{"embeddable":true,"href":"https:\/\/www.sudoestehoje.com.br\/novoportal\/wp-json\/wp\/v2\/users\/2"}],"replies":[{"embeddable":true,"href":"https:\/\/www.sudoestehoje.com.br\/novoportal\/wp-json\/wp\/v2\/comments?post=34340"}],"version-history":[{"count":3,"href":"https:\/\/www.sudoestehoje.com.br\/novoportal\/wp-json\/wp\/v2\/posts\/34340\/revisions"}],"predecessor-version":[{"id":34344,"href":"https:\/\/www.sudoestehoje.com.br\/novoportal\/wp-json\/wp\/v2\/posts\/34340\/revisions\/34344"}],"wp:attachment":[{"href":"https:\/\/www.sudoestehoje.com.br\/novoportal\/wp-json\/wp\/v2\/media?parent=34340"}],"wp:term":[{"taxonomy":"category","embeddable":true,"href":"https:\/\/www.sudoestehoje.com.br\/novoportal\/wp-json\/wp\/v2\/categories?post=34340"},{"taxonomy":"post_tag","embeddable":true,"href":"https:\/\/www.sudoestehoje.com.br\/novoportal\/wp-json\/wp\/v2\/tags?post=34340"}],"curies":[{"name":"wp","href":"https:\/\/api.w.org\/{rel}","templated":true}]}}