
{"id":34333,"date":"2014-02-07T21:00:09","date_gmt":"2014-02-08T00:00:09","guid":{"rendered":"http:\/\/www.sudoestehoje.com.br\/novoportal\/?p=34333"},"modified":"2014-02-07T21:15:07","modified_gmt":"2014-02-08T00:15:07","slug":"a-fedentina-voltou","status":"publish","type":"post","link":"https:\/\/www.sudoestehoje.com.br\/novoportal\/2014\/02\/07\/a-fedentina-voltou\/","title":{"rendered":"FEDENTINA DO FRIGOR\u00cdFICO SUDOESTE SE ALASTRA POR TODA A CIDADE"},"content":{"rendered":"<div id=\"attachment_34334\" style=\"width: 460px\" class=\"wp-caption aligncenter\"><a href=\"http:\/\/www.sudoestehoje.com.br\/novoportal\/wp-content\/uploads\/2014\/02\/frigo.png\"><img decoding=\"async\" aria-describedby=\"caption-attachment-34334\" class=\" wp-image-34334 \" alt=\"Frigo\" src=\"http:\/\/www.sudoestehoje.com.br\/novoportal\/wp-content\/uploads\/2014\/02\/frigo.png\" width=\"450\" \/><\/a><p id=\"caption-attachment-34334\" class=\"wp-caption-text\">Frigor\u00edfico \u00e9 apontado como causador do mau cheiro que afeta a popula\u00e7\u00e3o.<\/p><\/div>\n<p>ITAPETINGA: No decorrer desta semana, recebemos in\u00fameras den\u00fancias a respeito do mau cheiro que voltou a invadir a cidade, principalmente os bairros Nova Itapetinga, Residencial Moacir Moura, Clodoaldo Costa e S\u00e3o Francisco de Assis.<\/p>\n<p>Nas \u00faltimas vezes que o fato ocorreu, constatou-se que se tratava da queima de res\u00edduos animais na graxaria do Frigor\u00edfico Sudoeste, que se comprometeu instalar filtros, para evitar o mau cheiro.<\/p>\n<p>Curiosamente, a fedentina tem retornado periodicamente, causando repulsa e at\u00e9 enjoos nos moradores dos bairros pr\u00f3ximos ao frigor\u00edfico, que sentem nojo de fazerem as suas refei\u00e7\u00f5es, devido ao odor emitido.<\/p>\n<p>Com a cidade entregue aos ratos e \u00e0s baratas, fica dif\u00edcil saber quem vai resolver essa situa\u00e7\u00e3o.<\/p>\n<p>ATUALIZA\u00c7\u00c3O: Nesta sexta-feira (07), o mau cheiro se alastrou por toda a cidade, num total desrespeito \u00e0 popula\u00e7\u00e3o. Todos sabem de onde vem essa terr\u00edvel polui\u00e7\u00e3o, mas ningu\u00e9m toma provid\u00eancias.<\/p>\n<p>Itapetinga est\u00e1 sem comando!<\/p>\n<p><strong><em>Por Davi Ferraz<\/em><\/strong><\/p>\n","protected":false},"excerpt":{"rendered":"<p>ITAPETINGA: No decorrer desta semana, recebemos in\u00fameras den\u00fancias a respeito do mau cheiro que voltou a invadir a cidade, principalmente os bairros Nova Itapetinga, Residencial Moacir Moura, Clodoaldo Costa e S\u00e3o Francisco de Assis. Nas \u00faltimas vezes que o fato ocorreu, constatou-se que se tratava da queima de res\u00edduos animais na graxaria do Frigor\u00edfico Sudoeste, [&hellip;]<\/p>\n","protected":false},"author":2,"featured_media":0,"comment_status":"open","ping_status":"open","sticky":false,"template":"","format":"standard","meta":{"footnotes":"","_links_to":"","_links_to_target":""},"categories":[1],"tags":[],"class_list":["post-34333","post","type-post","status-publish","format-standard","hentry","category-geral"],"views":1098,"_links":{"self":[{"href":"https:\/\/www.sudoestehoje.com.br\/novoportal\/wp-json\/wp\/v2\/posts\/34333","targetHints":{"allow":["GET"]}}],"collection":[{"href":"https:\/\/www.sudoestehoje.com.br\/novoportal\/wp-json\/wp\/v2\/posts"}],"about":[{"href":"https:\/\/www.sudoestehoje.com.br\/novoportal\/wp-json\/wp\/v2\/types\/post"}],"author":[{"embeddable":true,"href":"https:\/\/www.sudoestehoje.com.br\/novoportal\/wp-json\/wp\/v2\/users\/2"}],"replies":[{"embeddable":true,"href":"https:\/\/www.sudoestehoje.com.br\/novoportal\/wp-json\/wp\/v2\/comments?post=34333"}],"version-history":[{"count":5,"href":"https:\/\/www.sudoestehoje.com.br\/novoportal\/wp-json\/wp\/v2\/posts\/34333\/revisions"}],"predecessor-version":[{"id":34351,"href":"https:\/\/www.sudoestehoje.com.br\/novoportal\/wp-json\/wp\/v2\/posts\/34333\/revisions\/34351"}],"wp:attachment":[{"href":"https:\/\/www.sudoestehoje.com.br\/novoportal\/wp-json\/wp\/v2\/media?parent=34333"}],"wp:term":[{"taxonomy":"category","embeddable":true,"href":"https:\/\/www.sudoestehoje.com.br\/novoportal\/wp-json\/wp\/v2\/categories?post=34333"},{"taxonomy":"post_tag","embeddable":true,"href":"https:\/\/www.sudoestehoje.com.br\/novoportal\/wp-json\/wp\/v2\/tags?post=34333"}],"curies":[{"name":"wp","href":"https:\/\/api.w.org\/{rel}","templated":true}]}}