
{"id":34326,"date":"2014-02-06T18:53:51","date_gmt":"2014-02-06T21:53:51","guid":{"rendered":"http:\/\/www.sudoestehoje.com.br\/novoportal\/?p=34326"},"modified":"2014-02-06T18:53:51","modified_gmt":"2014-02-06T21:53:51","slug":"macarani-radio-transamerica-fm-e-arrendada-para-igreja-evangelica","status":"publish","type":"post","link":"https:\/\/www.sudoestehoje.com.br\/novoportal\/2014\/02\/06\/macarani-radio-transamerica-fm-e-arrendada-para-igreja-evangelica\/","title":{"rendered":"MACARANI: R\u00c1DIO TRANSAM\u00c9RICA FM \u00c9 ARRENDADA PARA IGREJA EVANG\u00c9LICA"},"content":{"rendered":"<p style=\"text-align: center;\"><a href=\"http:\/\/www.sudoestehoje.com.br\/novoportal\/wp-content\/uploads\/2014\/02\/transamerica-macarani.jpg\"><img decoding=\"async\" class=\"wp-image-34328 alignleft\" alt=\"transamerica-macarani\" src=\"http:\/\/www.sudoestehoje.com.br\/novoportal\/wp-content\/uploads\/2014\/02\/transamerica-macarani.jpg\" width=\"300\" \/><\/a><\/p>\n<p>Um fato inesperado est\u00e1 movimentando os bastidores do setor radiof\u00f4nico de Macarani e gerando muitas especula\u00e7\u00f5es. Comenta-se que o empres\u00e1rio Frank Nogueira, propriet\u00e1rio da Transam\u00e9rica FM, inaugurada em 2002, j\u00e1 teria informado aos funcion\u00e1rios, desde o \u00faltimo domingo, que a partir daquela data a emissora estava arrendada para uma igreja evang\u00e9lica, que ocupar\u00e1 24 horas de sua programa\u00e7\u00e3o.<\/p>\n<p>Especula-se na cidade, que o principal motivo da decis\u00e3o do propriet\u00e1rio da emissora seriam os processos movidos pelo prefeito Carlinhos, dentre eles um que diz respeito a cal\u00fanias e difama\u00e7\u00e3o proferidas contra um alto membro da magistratura federal (ministro do TSE), por um conhecido locutor da r\u00e1dio.<\/p>\n<p>A R\u00e1dio Transam\u00e9rica FM tem uma boa programa\u00e7\u00e3o e o seu alcance abrange in\u00fameros munic\u00edpios do Sudoeste e Sul da Bahia, al\u00e9m no norte de Minas Gerais.<em> Informa\u00e7\u00f5es do blog Tanabocadopovo<\/em><\/p>\n","protected":false},"excerpt":{"rendered":"<p>Um fato inesperado est\u00e1 movimentando os bastidores do setor radiof\u00f4nico de Macarani e gerando muitas especula\u00e7\u00f5es. Comenta-se que o empres\u00e1rio Frank Nogueira, propriet\u00e1rio da Transam\u00e9rica FM, inaugurada em 2002, j\u00e1 teria informado aos funcion\u00e1rios, desde o \u00faltimo domingo, que a partir daquela data a emissora estava arrendada para uma igreja evang\u00e9lica, que ocupar\u00e1 24 horas [&hellip;]<\/p>\n","protected":false},"author":2,"featured_media":0,"comment_status":"open","ping_status":"open","sticky":false,"template":"","format":"standard","meta":{"footnotes":"","_links_to":"","_links_to_target":""},"categories":[1],"tags":[],"class_list":["post-34326","post","type-post","status-publish","format-standard","hentry","category-geral"],"views":2366,"_links":{"self":[{"href":"https:\/\/www.sudoestehoje.com.br\/novoportal\/wp-json\/wp\/v2\/posts\/34326","targetHints":{"allow":["GET"]}}],"collection":[{"href":"https:\/\/www.sudoestehoje.com.br\/novoportal\/wp-json\/wp\/v2\/posts"}],"about":[{"href":"https:\/\/www.sudoestehoje.com.br\/novoportal\/wp-json\/wp\/v2\/types\/post"}],"author":[{"embeddable":true,"href":"https:\/\/www.sudoestehoje.com.br\/novoportal\/wp-json\/wp\/v2\/users\/2"}],"replies":[{"embeddable":true,"href":"https:\/\/www.sudoestehoje.com.br\/novoportal\/wp-json\/wp\/v2\/comments?post=34326"}],"version-history":[{"count":2,"href":"https:\/\/www.sudoestehoje.com.br\/novoportal\/wp-json\/wp\/v2\/posts\/34326\/revisions"}],"predecessor-version":[{"id":34329,"href":"https:\/\/www.sudoestehoje.com.br\/novoportal\/wp-json\/wp\/v2\/posts\/34326\/revisions\/34329"}],"wp:attachment":[{"href":"https:\/\/www.sudoestehoje.com.br\/novoportal\/wp-json\/wp\/v2\/media?parent=34326"}],"wp:term":[{"taxonomy":"category","embeddable":true,"href":"https:\/\/www.sudoestehoje.com.br\/novoportal\/wp-json\/wp\/v2\/categories?post=34326"},{"taxonomy":"post_tag","embeddable":true,"href":"https:\/\/www.sudoestehoje.com.br\/novoportal\/wp-json\/wp\/v2\/tags?post=34326"}],"curies":[{"name":"wp","href":"https:\/\/api.w.org\/{rel}","templated":true}]}}