
{"id":34323,"date":"2014-02-06T17:37:11","date_gmt":"2014-02-06T20:37:11","guid":{"rendered":"http:\/\/www.sudoestehoje.com.br\/novoportal\/?p=34323"},"modified":"2014-02-06T17:37:11","modified_gmt":"2014-02-06T20:37:11","slug":"ex-prefeito-de-valenca-e-preso-pela-policia-federal","status":"publish","type":"post","link":"https:\/\/www.sudoestehoje.com.br\/novoportal\/2014\/02\/06\/ex-prefeito-de-valenca-e-preso-pela-policia-federal\/","title":{"rendered":"EX-PREFEITO DE VALEN\u00c7A \u00c9 PRESO PELA POL\u00cdCIA FEDERAL"},"content":{"rendered":"<p><img decoding=\"async\" class=\"alignleft\" alt=\"\" src=\"http:\/\/1.bp.blogspot.com\/-c8CGeDNJ1eY\/UlfPv3E67bI\/AAAAAAABP38\/GS9jTp5oqhk\/s1600\/TCM-REJEITA.jpg\" \/><\/p>\n<p>O ex-prefeito de Valen\u00e7a, Ramiro Jos\u00e9 Campelo de Queiroz, foi preso nesta quinta-feira, 6, durante a opera\u00e7\u00e3o Rams\u00e9s, realizada pela Pol\u00edcia Federal (PF) no munic\u00edpio, que fica a 274 km de Salvador.<\/p>\n<p>A a\u00e7\u00e3o foi deflagrada com o objetivo de cumprir oito mandados de busca e apreens\u00e3o, para investigar irregulardades na aplica\u00e7\u00e3o dos recursos federais repassados \u00e0 prefeitura em 2009 e 2010, quando Ramiro ainda era prefeito.<\/p>\n<p>Durante as buscas na casa do ex-prefeito, os agentes encontraram quatro pistolas e muni\u00e7\u00f5es. Ele foi detido acusado de porte ilegal de arma. Os policiais tamb\u00e9m encontraram R$ 80 mil em esp\u00e9cie na casa de um ex-secret\u00e1rio, que n\u00e3o teve o nome revelado.<\/p>\n<p>Al\u00e9m das resid\u00eancias do ex-prefeito e de ex-secret\u00e1rios, policiais federais tamb\u00e9m cumprem mandados de busca e apreens\u00e3o na sede da prefeitura.<\/p>\n<p>De acordo com informa\u00e7\u00f5es da Pol\u00edcia Federal de Ilh\u00e9us, que comandou a opera\u00e7\u00e3o, os investigados ser\u00e3o ouvidos mas v\u00e3o responder em liberdade por peculato, crime de responsabilidade de prefeito e forma\u00e7\u00e3o de quadrilha, entre outros. A Tarde<\/p>\n","protected":false},"excerpt":{"rendered":"<p>O ex-prefeito de Valen\u00e7a, Ramiro Jos\u00e9 Campelo de Queiroz, foi preso nesta quinta-feira, 6, durante a opera\u00e7\u00e3o Rams\u00e9s, realizada pela Pol\u00edcia Federal (PF) no munic\u00edpio, que fica a 274 km de Salvador. A a\u00e7\u00e3o foi deflagrada com o objetivo de cumprir oito mandados de busca e apreens\u00e3o, para investigar irregulardades na aplica\u00e7\u00e3o dos recursos federais [&hellip;]<\/p>\n","protected":false},"author":2,"featured_media":0,"comment_status":"open","ping_status":"open","sticky":false,"template":"","format":"standard","meta":{"footnotes":"","_links_to":"","_links_to_target":""},"categories":[1],"tags":[],"class_list":["post-34323","post","type-post","status-publish","format-standard","hentry","category-geral"],"views":1231,"_links":{"self":[{"href":"https:\/\/www.sudoestehoje.com.br\/novoportal\/wp-json\/wp\/v2\/posts\/34323","targetHints":{"allow":["GET"]}}],"collection":[{"href":"https:\/\/www.sudoestehoje.com.br\/novoportal\/wp-json\/wp\/v2\/posts"}],"about":[{"href":"https:\/\/www.sudoestehoje.com.br\/novoportal\/wp-json\/wp\/v2\/types\/post"}],"author":[{"embeddable":true,"href":"https:\/\/www.sudoestehoje.com.br\/novoportal\/wp-json\/wp\/v2\/users\/2"}],"replies":[{"embeddable":true,"href":"https:\/\/www.sudoestehoje.com.br\/novoportal\/wp-json\/wp\/v2\/comments?post=34323"}],"version-history":[{"count":1,"href":"https:\/\/www.sudoestehoje.com.br\/novoportal\/wp-json\/wp\/v2\/posts\/34323\/revisions"}],"predecessor-version":[{"id":34324,"href":"https:\/\/www.sudoestehoje.com.br\/novoportal\/wp-json\/wp\/v2\/posts\/34323\/revisions\/34324"}],"wp:attachment":[{"href":"https:\/\/www.sudoestehoje.com.br\/novoportal\/wp-json\/wp\/v2\/media?parent=34323"}],"wp:term":[{"taxonomy":"category","embeddable":true,"href":"https:\/\/www.sudoestehoje.com.br\/novoportal\/wp-json\/wp\/v2\/categories?post=34323"},{"taxonomy":"post_tag","embeddable":true,"href":"https:\/\/www.sudoestehoje.com.br\/novoportal\/wp-json\/wp\/v2\/tags?post=34323"}],"curies":[{"name":"wp","href":"https:\/\/api.w.org\/{rel}","templated":true}]}}