
{"id":34317,"date":"2014-02-07T18:55:34","date_gmt":"2014-02-07T21:55:34","guid":{"rendered":"http:\/\/www.sudoestehoje.com.br\/novoportal\/?p=34317"},"modified":"2014-02-07T20:10:41","modified_gmt":"2014-02-07T23:10:41","slug":"candidatura-de-michel-a-deputado-e-dada-como-certa-no-pmdb","status":"publish","type":"post","link":"https:\/\/www.sudoestehoje.com.br\/novoportal\/2014\/02\/07\/candidatura-de-michel-a-deputado-e-dada-como-certa-no-pmdb\/","title":{"rendered":"CANDIDATURA DE MICHEL A DEPUTADO \u00c9 DADA COMO CERTA NO PMDB"},"content":{"rendered":"<p><a href=\"http:\/\/www.sudoestehoje.com.br\/novoportal\/wp-content\/uploads\/2014\/02\/michel-candidato.jpg\"><img loading=\"lazy\" decoding=\"async\" class=\"aligncenter size-medium wp-image-34319\" alt=\"michel candidato\" src=\"http:\/\/www.sudoestehoje.com.br\/novoportal\/wp-content\/uploads\/2014\/02\/michel-candidato-500x375.jpg\" width=\"500\" height=\"375\" srcset=\"https:\/\/www.sudoestehoje.com.br\/novoportal\/wp-content\/uploads\/2014\/02\/michel-candidato-500x375.jpg 500w, https:\/\/www.sudoestehoje.com.br\/novoportal\/wp-content\/uploads\/2014\/02\/michel-candidato.jpg 600w\" sizes=\"auto, (max-width: 500px) 100vw, 500px\" \/><\/a><\/p>\n<p>ITAPETINGA: Mais uma vez, e agora com muito mais for\u00e7a, o nome do ex-prefeito e deputado Michel Hagge (PMDB) volta a ser cogitado para concorrer a uma vaga na Assembl\u00e9ia Legislativa. As \u00faltimas informa\u00e7\u00f5es, oriundas dos bastidores do PMDB baiano, d\u00e3o como certa a candidatura do l\u00edder &#8216;gabiraba&#8217;, como forma de manter o reduto em Itapetinga, onde o partido sempre obteve vota\u00e7\u00f5es expressivas.<\/p>\n<p>Sem dizer que sim, nem que n\u00e3o, o pr\u00f3prio Michel revelou a uma lideran\u00e7a peemedebista local, que est\u00e1 em processo de negocia\u00e7\u00e3o dentro dos partidos de oposi\u00e7\u00e3o, aguardando, tamb\u00e9m a defini\u00e7\u00e3o do candidato ao governo, cujos nomes mais cotados s\u00e3o os de Paulo Souto (DEM) e Geddel Vieira Lima(PMDB).<\/p>\n<p>Qualquer que seja o candidato oposicionista ao governo, a situa\u00e7\u00e3o de Michel Hagge \u00e9 confort\u00e1vel, podendo contar com o apoio de Paulo Souto &#8211; seu primo carnal &#8211; e de Geddel, velho companheiro de partido, com quem o &#8216;gabiraba&#8217; sempre manteve parceria pol\u00edtica em Itapetinga e regi\u00e3o.<\/p>\n<p>Segundo pudemos apurar, Michel far\u00e1 dobradinha, em v\u00e1rios munic\u00edpios, com L\u00facio Vieira Lima, al\u00e9m de contar com o refor\u00e7o, em outras regi\u00f5es, do seu primo Paulo Souto, que n\u00e3o esconde a satisfa\u00e7\u00e3o de ter o l\u00edder peemedebista no seu palanque, pela primeira vez.<\/p>\n<p>Se for confirmada, a candidatura de Michel vai cair como uma bomba nas hostes petistas locais e regionais, cujas lideran\u00e7as est\u00e3o sofrendo um enorme desgaste, principalmente o deputado Rosemberg Pinto, que vem perdendo apoiadores em Itapetinga e regi\u00e3o, por absoluta falta de assist\u00eancia aos munic\u00edpios que representa.<\/p>\n<p>Mas tudo isto fica para depois do Carnaval&#8230;<\/p>\n<p><strong><em>Por Davi Ferraz<\/em><\/strong><\/p>\n","protected":false},"excerpt":{"rendered":"<p>ITAPETINGA: Mais uma vez, e agora com muito mais for\u00e7a, o nome do ex-prefeito e deputado Michel Hagge (PMDB) volta a ser cogitado para concorrer a uma vaga na Assembl\u00e9ia Legislativa. As \u00faltimas informa\u00e7\u00f5es, oriundas dos bastidores do PMDB baiano, d\u00e3o como certa a candidatura do l\u00edder &#8216;gabiraba&#8217;, como forma de manter o reduto em [&hellip;]<\/p>\n","protected":false},"author":2,"featured_media":0,"comment_status":"open","ping_status":"open","sticky":false,"template":"","format":"standard","meta":{"footnotes":"","_links_to":"","_links_to_target":""},"categories":[1,10],"tags":[],"class_list":["post-34317","post","type-post","status-publish","format-standard","hentry","category-geral","category-itapetinga"],"views":1671,"_links":{"self":[{"href":"https:\/\/www.sudoestehoje.com.br\/novoportal\/wp-json\/wp\/v2\/posts\/34317","targetHints":{"allow":["GET"]}}],"collection":[{"href":"https:\/\/www.sudoestehoje.com.br\/novoportal\/wp-json\/wp\/v2\/posts"}],"about":[{"href":"https:\/\/www.sudoestehoje.com.br\/novoportal\/wp-json\/wp\/v2\/types\/post"}],"author":[{"embeddable":true,"href":"https:\/\/www.sudoestehoje.com.br\/novoportal\/wp-json\/wp\/v2\/users\/2"}],"replies":[{"embeddable":true,"href":"https:\/\/www.sudoestehoje.com.br\/novoportal\/wp-json\/wp\/v2\/comments?post=34317"}],"version-history":[{"count":4,"href":"https:\/\/www.sudoestehoje.com.br\/novoportal\/wp-json\/wp\/v2\/posts\/34317\/revisions"}],"predecessor-version":[{"id":34322,"href":"https:\/\/www.sudoestehoje.com.br\/novoportal\/wp-json\/wp\/v2\/posts\/34317\/revisions\/34322"}],"wp:attachment":[{"href":"https:\/\/www.sudoestehoje.com.br\/novoportal\/wp-json\/wp\/v2\/media?parent=34317"}],"wp:term":[{"taxonomy":"category","embeddable":true,"href":"https:\/\/www.sudoestehoje.com.br\/novoportal\/wp-json\/wp\/v2\/categories?post=34317"},{"taxonomy":"post_tag","embeddable":true,"href":"https:\/\/www.sudoestehoje.com.br\/novoportal\/wp-json\/wp\/v2\/tags?post=34317"}],"curies":[{"name":"wp","href":"https:\/\/api.w.org\/{rel}","templated":true}]}}