
{"id":34303,"date":"2014-02-05T12:20:24","date_gmt":"2014-02-05T15:20:24","guid":{"rendered":"http:\/\/www.sudoestehoje.com.br\/novoportal\/?p=34303"},"modified":"2014-02-05T12:20:24","modified_gmt":"2014-02-05T15:20:24","slug":"fugitivo-do-mensalao-e-preso-pela-policia-italiana","status":"publish","type":"post","link":"https:\/\/www.sudoestehoje.com.br\/novoportal\/2014\/02\/05\/fugitivo-do-mensalao-e-preso-pela-policia-italiana\/","title":{"rendered":"FUGITIVO DO MENSAL\u00c3O \u00c9 PRESO PELA POL\u00cdCIA ITALIANA"},"content":{"rendered":"<p style=\"text-align: center;\"><a href=\"http:\/\/www.sudoestehoje.com.br\/novoportal\/wp-content\/uploads\/2014\/02\/PIZZOLATO.jpg\"><img decoding=\"async\" class=\"aligncenter  wp-image-34304\" alt=\"PIZZOLATO\" src=\"http:\/\/www.sudoestehoje.com.br\/novoportal\/wp-content\/uploads\/2014\/02\/PIZZOLATO.jpg\" width=\"450\" \/><\/a><\/p>\n<p>Foragido desde novembro do ano passado, o ex-diretor de marketing do Banco do Brasil, Henrique Pizzolato, foi preso pela pol\u00edcia italiana. Ele foi condenado a 12 anos e 7 meses de pris\u00e3o pelo Supremo Tribunal Federal (STF), por seu envolvimento com o esquema do mensal\u00e3o.Como fugiu para a It\u00e1lia, pa\u00eds do qual tem dupla cidadania, Pizzolato n\u00e3o poderia ser extraditado.<\/p>\n<p>De acordo com a Folha, Pizzolato foi detido na cidade de Maranello, pelos \u201ccarabinieri \u2013 a pol\u00edcia local italiana \u2013 por estar com um documento falso. Segundo as primeiras informa\u00e7\u00f5es, o ex-diretor de marketing do BB portaria um passaporte de um irm\u00e3o morto. Ele teria usado o documento para fugir por Buenos Aires, ap\u00f3s a condena\u00e7\u00e3o do mensal\u00e3o. A Pol\u00edcia Federal brasileira ainda n\u00e3o comentou o caso.<\/p>\n","protected":false},"excerpt":{"rendered":"<p>Foragido desde novembro do ano passado, o ex-diretor de marketing do Banco do Brasil, Henrique Pizzolato, foi preso pela pol\u00edcia italiana. Ele foi condenado a 12 anos e 7 meses de pris\u00e3o pelo Supremo Tribunal Federal (STF), por seu envolvimento com o esquema do mensal\u00e3o.Como fugiu para a It\u00e1lia, pa\u00eds do qual tem dupla cidadania, [&hellip;]<\/p>\n","protected":false},"author":2,"featured_media":0,"comment_status":"open","ping_status":"open","sticky":false,"template":"","format":"standard","meta":{"footnotes":"","_links_to":"","_links_to_target":""},"categories":[1],"tags":[],"class_list":["post-34303","post","type-post","status-publish","format-standard","hentry","category-geral"],"views":1383,"_links":{"self":[{"href":"https:\/\/www.sudoestehoje.com.br\/novoportal\/wp-json\/wp\/v2\/posts\/34303","targetHints":{"allow":["GET"]}}],"collection":[{"href":"https:\/\/www.sudoestehoje.com.br\/novoportal\/wp-json\/wp\/v2\/posts"}],"about":[{"href":"https:\/\/www.sudoestehoje.com.br\/novoportal\/wp-json\/wp\/v2\/types\/post"}],"author":[{"embeddable":true,"href":"https:\/\/www.sudoestehoje.com.br\/novoportal\/wp-json\/wp\/v2\/users\/2"}],"replies":[{"embeddable":true,"href":"https:\/\/www.sudoestehoje.com.br\/novoportal\/wp-json\/wp\/v2\/comments?post=34303"}],"version-history":[{"count":1,"href":"https:\/\/www.sudoestehoje.com.br\/novoportal\/wp-json\/wp\/v2\/posts\/34303\/revisions"}],"predecessor-version":[{"id":34305,"href":"https:\/\/www.sudoestehoje.com.br\/novoportal\/wp-json\/wp\/v2\/posts\/34303\/revisions\/34305"}],"wp:attachment":[{"href":"https:\/\/www.sudoestehoje.com.br\/novoportal\/wp-json\/wp\/v2\/media?parent=34303"}],"wp:term":[{"taxonomy":"category","embeddable":true,"href":"https:\/\/www.sudoestehoje.com.br\/novoportal\/wp-json\/wp\/v2\/categories?post=34303"},{"taxonomy":"post_tag","embeddable":true,"href":"https:\/\/www.sudoestehoje.com.br\/novoportal\/wp-json\/wp\/v2\/tags?post=34303"}],"curies":[{"name":"wp","href":"https:\/\/api.w.org\/{rel}","templated":true}]}}