
{"id":34297,"date":"2014-02-04T22:54:24","date_gmt":"2014-02-05T01:54:24","guid":{"rendered":"http:\/\/www.sudoestehoje.com.br\/novoportal\/?p=34297"},"modified":"2014-02-04T23:03:55","modified_gmt":"2014-02-05T02:03:55","slug":"maquinario-da-nova-fabrica-de-calcados-chega-a-itambe","status":"publish","type":"post","link":"https:\/\/www.sudoestehoje.com.br\/novoportal\/2014\/02\/04\/maquinario-da-nova-fabrica-de-calcados-chega-a-itambe\/","title":{"rendered":"MAQUIN\u00c1RIO DA NOVA F\u00c1BRICA DE CAL\u00c7ADOS CHEGA A ITAMB\u00c9"},"content":{"rendered":"<p><a href=\"http:\/\/www.sudoestehoje.com.br\/novoportal\/wp-content\/uploads\/2014\/02\/kr\u00e1s.jpg\"><img loading=\"lazy\" decoding=\"async\" class=\"aligncenter size-medium wp-image-34298\" alt=\"kr\u00e1s\" src=\"http:\/\/www.sudoestehoje.com.br\/novoportal\/wp-content\/uploads\/2014\/02\/kr\u00e1s-500x282.jpg\" width=\"500\" height=\"282\" srcset=\"https:\/\/www.sudoestehoje.com.br\/novoportal\/wp-content\/uploads\/2014\/02\/kr\u00e1s-500x282.jpg 500w, https:\/\/www.sudoestehoje.com.br\/novoportal\/wp-content\/uploads\/2014\/02\/kr\u00e1s-700x394.jpg 700w, https:\/\/www.sudoestehoje.com.br\/novoportal\/wp-content\/uploads\/2014\/02\/kr\u00e1s.jpg 858w\" sizes=\"auto, (max-width: 500px) 100vw, 500px\" \/><\/a><\/p>\n<p>Nesta segunda-feira (3), a popula\u00e7\u00e3o de Itamb\u00e9 recebeu com muita euforia a not\u00edcia mais esperada dos \u00faltimos tempos: a chegada dos equipamentos da Barbara Kr\u00e1s, nova f\u00e1brica de cal\u00e7ados que ser\u00e1 instalada no munic\u00edpio, em um dos antigos galp\u00f5es da Azal\u00e9ia, fechado no final de 2012.<\/p>\n<p>Em contato com o vice-prefeito Humbertinho Lopes, fomos informados que a nova ind\u00fastria vai gerar cerca de 450 empregos diretos em Itamb\u00e9, at\u00e9 o final de 2014, suprindo parte da demanda de empregos do munic\u00edpio, um dos mais prejudicados com o fechamento da Vulcabras\/Azal\u00e9ia.<\/p>\n<p><a href=\"http:\/\/www.sudoestehoje.com.br\/novoportal\/wp-content\/uploads\/2014\/02\/kras-2.jpg\"><img loading=\"lazy\" decoding=\"async\" class=\"aligncenter size-medium wp-image-34299\" alt=\"kras 2\" src=\"http:\/\/www.sudoestehoje.com.br\/novoportal\/wp-content\/uploads\/2014\/02\/kras-2-500x339.jpg\" width=\"500\" height=\"339\" srcset=\"https:\/\/www.sudoestehoje.com.br\/novoportal\/wp-content\/uploads\/2014\/02\/kras-2-500x339.jpg 500w, https:\/\/www.sudoestehoje.com.br\/novoportal\/wp-content\/uploads\/2014\/02\/kras-2.jpg 688w\" sizes=\"auto, (max-width: 500px) 100vw, 500px\" \/><\/a><\/p>\n<p>&#8220;A chegada desta f\u00e1brica \u00e9 um sinal de esperan\u00e7a para o equil\u00edbrio financeiro do nosso munic\u00edpio&#8221;, afirmou Humbertinho, que tamb\u00e9m lamentou o ocorrido com a loja \u00a0Zeca Confec\u00e7\u00f5es, incendiada na madrugada desta \u00faltima segunda (03).\u00a0Fotos <em>Itamb\u00e9 Verdade<\/em><\/p>\n","protected":false},"excerpt":{"rendered":"<p>Nesta segunda-feira (3), a popula\u00e7\u00e3o de Itamb\u00e9 recebeu com muita euforia a not\u00edcia mais esperada dos \u00faltimos tempos: a chegada dos equipamentos da Barbara Kr\u00e1s, nova f\u00e1brica de cal\u00e7ados que ser\u00e1 instalada no munic\u00edpio, em um dos antigos galp\u00f5es da Azal\u00e9ia, fechado no final de 2012. Em contato com o vice-prefeito Humbertinho Lopes, fomos informados [&hellip;]<\/p>\n","protected":false},"author":2,"featured_media":0,"comment_status":"open","ping_status":"open","sticky":false,"template":"","format":"standard","meta":{"footnotes":"","_links_to":"","_links_to_target":""},"categories":[1],"tags":[],"class_list":["post-34297","post","type-post","status-publish","format-standard","hentry","category-geral"],"views":2718,"_links":{"self":[{"href":"https:\/\/www.sudoestehoje.com.br\/novoportal\/wp-json\/wp\/v2\/posts\/34297","targetHints":{"allow":["GET"]}}],"collection":[{"href":"https:\/\/www.sudoestehoje.com.br\/novoportal\/wp-json\/wp\/v2\/posts"}],"about":[{"href":"https:\/\/www.sudoestehoje.com.br\/novoportal\/wp-json\/wp\/v2\/types\/post"}],"author":[{"embeddable":true,"href":"https:\/\/www.sudoestehoje.com.br\/novoportal\/wp-json\/wp\/v2\/users\/2"}],"replies":[{"embeddable":true,"href":"https:\/\/www.sudoestehoje.com.br\/novoportal\/wp-json\/wp\/v2\/comments?post=34297"}],"version-history":[{"count":3,"href":"https:\/\/www.sudoestehoje.com.br\/novoportal\/wp-json\/wp\/v2\/posts\/34297\/revisions"}],"predecessor-version":[{"id":34302,"href":"https:\/\/www.sudoestehoje.com.br\/novoportal\/wp-json\/wp\/v2\/posts\/34297\/revisions\/34302"}],"wp:attachment":[{"href":"https:\/\/www.sudoestehoje.com.br\/novoportal\/wp-json\/wp\/v2\/media?parent=34297"}],"wp:term":[{"taxonomy":"category","embeddable":true,"href":"https:\/\/www.sudoestehoje.com.br\/novoportal\/wp-json\/wp\/v2\/categories?post=34297"},{"taxonomy":"post_tag","embeddable":true,"href":"https:\/\/www.sudoestehoje.com.br\/novoportal\/wp-json\/wp\/v2\/tags?post=34297"}],"curies":[{"name":"wp","href":"https:\/\/api.w.org\/{rel}","templated":true}]}}