
{"id":34275,"date":"2014-02-04T09:47:04","date_gmt":"2014-02-04T12:47:04","guid":{"rendered":"http:\/\/www.sudoestehoje.com.br\/novoportal\/?p=34275"},"modified":"2014-02-04T09:49:52","modified_gmt":"2014-02-04T12:49:52","slug":"jurista-edvaldo-brito-assume-secretaria-no-governo-do-estado","status":"publish","type":"post","link":"https:\/\/www.sudoestehoje.com.br\/novoportal\/2014\/02\/04\/jurista-edvaldo-brito-assume-secretaria-no-governo-do-estado\/","title":{"rendered":"JURISTA EDVALDO BRITO ASSUME SECRETARIA NO GOVERNO DO ESTADO"},"content":{"rendered":"<p><img decoding=\"async\" class=\"aligncenter\" alt=\"Edvaldo Brito assume Secretaria Extraordin\u00e1ria para Assuntos Estrat\u00e9gicos\" src=\"http:\/\/www.bahianoticias.com.br\/fotos\/principal_noticias\/149975\/xIMAGEM_NOTICIA_5.jpg.pagespeed.ic.PhBhXIOYhy.jpg\" width=\"500\" \/><\/p>\n<p>O jurista Edvaldo Brito assumiu nesta segunda-feira (3) a Secretaria Extraordin\u00e1ria para Assuntos Estrat\u00e9gicos. O petebista foi empossado pelo governador Jaques Wagner, no Sal\u00e3o de Atos da Governadoria, no Centro Administrativo da Bahia (CAB), em Salvador. O ex-vereador passa tamb\u00e9m a coordenar o Conselho de Desenvolvimento Econ\u00f4mico e Social da Bahia.<\/p>\n<p>O principal objetivo da pasta \u00e9 articular a\u00e7\u00f5es e projetos nas \u00e1reas econ\u00f4micas e sociais. \u201cEssa \u00e9 uma secretaria feita para se articular, para planejar. \u00c9 estrat\u00e9gica para qualquer governo e estamos aqui para planejar o estado para o futuro. Dialogar com a sociedade\u201d, declarou Brito. \u201c\u00c9 uma pasta fundamental para o desenvolvimento econ\u00f4mico e social da Bahia. Fico feliz por ele ter aceitado o convite e juntos vamos projetar a Bahia para o futuro\u201d, afirmou o governador.<\/p>\n<p>Edvaldo Brito \u00e9 pai do deputado federal Ant\u00f4nio Brito e a sua vaga na C\u00e2mara Municipal de Salvador ser\u00e1 ocupada pela suplente V\u00e2nia Galv\u00e3o (PT). BN<\/p>\n","protected":false},"excerpt":{"rendered":"<p>O jurista Edvaldo Brito assumiu nesta segunda-feira (3) a Secretaria Extraordin\u00e1ria para Assuntos Estrat\u00e9gicos. O petebista foi empossado pelo governador Jaques Wagner, no Sal\u00e3o de Atos da Governadoria, no Centro Administrativo da Bahia (CAB), em Salvador. O ex-vereador passa tamb\u00e9m a coordenar o Conselho de Desenvolvimento Econ\u00f4mico e Social da Bahia. O principal objetivo da [&hellip;]<\/p>\n","protected":false},"author":2,"featured_media":0,"comment_status":"open","ping_status":"open","sticky":false,"template":"","format":"standard","meta":{"footnotes":"","_links_to":"","_links_to_target":""},"categories":[1],"tags":[],"class_list":["post-34275","post","type-post","status-publish","format-standard","hentry","category-geral"],"views":1197,"_links":{"self":[{"href":"https:\/\/www.sudoestehoje.com.br\/novoportal\/wp-json\/wp\/v2\/posts\/34275","targetHints":{"allow":["GET"]}}],"collection":[{"href":"https:\/\/www.sudoestehoje.com.br\/novoportal\/wp-json\/wp\/v2\/posts"}],"about":[{"href":"https:\/\/www.sudoestehoje.com.br\/novoportal\/wp-json\/wp\/v2\/types\/post"}],"author":[{"embeddable":true,"href":"https:\/\/www.sudoestehoje.com.br\/novoportal\/wp-json\/wp\/v2\/users\/2"}],"replies":[{"embeddable":true,"href":"https:\/\/www.sudoestehoje.com.br\/novoportal\/wp-json\/wp\/v2\/comments?post=34275"}],"version-history":[{"count":3,"href":"https:\/\/www.sudoestehoje.com.br\/novoportal\/wp-json\/wp\/v2\/posts\/34275\/revisions"}],"predecessor-version":[{"id":34278,"href":"https:\/\/www.sudoestehoje.com.br\/novoportal\/wp-json\/wp\/v2\/posts\/34275\/revisions\/34278"}],"wp:attachment":[{"href":"https:\/\/www.sudoestehoje.com.br\/novoportal\/wp-json\/wp\/v2\/media?parent=34275"}],"wp:term":[{"taxonomy":"category","embeddable":true,"href":"https:\/\/www.sudoestehoje.com.br\/novoportal\/wp-json\/wp\/v2\/categories?post=34275"},{"taxonomy":"post_tag","embeddable":true,"href":"https:\/\/www.sudoestehoje.com.br\/novoportal\/wp-json\/wp\/v2\/tags?post=34275"}],"curies":[{"name":"wp","href":"https:\/\/api.w.org\/{rel}","templated":true}]}}