
{"id":34109,"date":"2014-01-30T12:45:37","date_gmt":"2014-01-30T15:45:37","guid":{"rendered":"http:\/\/www.sudoestehoje.com.br\/novoportal\/?p=34109"},"modified":"2014-01-30T12:45:37","modified_gmt":"2014-01-30T15:45:37","slug":"tj-questiona-sanidade-mental-de-juiz-que-expulsou-advogado-com-sbp","status":"publish","type":"post","link":"https:\/\/www.sudoestehoje.com.br\/novoportal\/2014\/01\/30\/tj-questiona-sanidade-mental-de-juiz-que-expulsou-advogado-com-sbp\/","title":{"rendered":"TJ QUESTIONA SANIDADE MENTAL DE JUIZ QUE EXPULSOU ADVOGADO COM SBP"},"content":{"rendered":"<p style=\"text-align: center;\"><img decoding=\"async\" class=\"aligncenter\" alt=\"TJ-BA questiona sanidade de juiz que expulsou advogado de gabinete com SBP\" src=\"http:\/\/www.bahianoticias.com.br\/fotos\/justica_noticias\/47929\/xIMAGEM_NOTICIA_5.jpg.pagespeed.ic.wzotcIJGMk.jpg\" width=\"450\" \/><\/p>\n<p>O pleno do Tribunal de Justi\u00e7a da Bahia (TJ-BA) determinou, nesta quarta-feira (29), a instaura\u00e7\u00e3o de um processo de aposentadoria por invalidez do juiz Lu\u00eds Roberto Cappio, com afastamento das fun\u00e7\u00f5es, at\u00e9 o final do julgamento do processo administrativo disciplinar instaurado contra ele. O magistrado responde ao processo por &#8220;falta de urbanidade&#8221; com servidores, advogados e promotores na comarca de Euclides da Cunha, no nordeste baiano.<\/p>\n<p>O pleno, por maioria, aprovou o voto do presidente em exerc\u00edcio do TJ, desembargador Eserval Rocha, diante de um incidente de sanidade mental instaurado para avaliar a sa\u00fade ps\u00edquica de Cappio. De acordo com Eserval, o comportamento de Cappio n\u00e3o \u00e9 condizente com a magistratura. Relatos d\u00e3o conta de que o juiz promove agress\u00f5es verbais, fala palavras de baixo cal\u00e3o e utilizou um spray inseticida \u2013 da marca SBP \u2013\u00a0 para expulsar um advogado de seu gabinete.<\/p>\n<p>A defesa do juiz, em resposta ao incidente de sanidade, afirmou que a decis\u00e3o do tribunal em submet\u00ea-lo ao exame \u00e9 \u201cdesprovida de amparo moral, t\u00e9cnico e legal&#8221; e que a determina\u00e7\u00e3o atinge a \u201cimagem, honra e dignidade do magistrado decorrente do afastamento das fun\u00e7\u00f5es\u201d.<\/p>\n","protected":false},"excerpt":{"rendered":"<p>O pleno do Tribunal de Justi\u00e7a da Bahia (TJ-BA) determinou, nesta quarta-feira (29), a instaura\u00e7\u00e3o de um processo de aposentadoria por invalidez do juiz Lu\u00eds Roberto Cappio, com afastamento das fun\u00e7\u00f5es, at\u00e9 o final do julgamento do processo administrativo disciplinar instaurado contra ele. O magistrado responde ao processo por &#8220;falta de urbanidade&#8221; com servidores, advogados [&hellip;]<\/p>\n","protected":false},"author":2,"featured_media":0,"comment_status":"open","ping_status":"open","sticky":false,"template":"","format":"standard","meta":{"footnotes":"","_links_to":"","_links_to_target":""},"categories":[1],"tags":[],"class_list":["post-34109","post","type-post","status-publish","format-standard","hentry","category-geral"],"views":1145,"_links":{"self":[{"href":"https:\/\/www.sudoestehoje.com.br\/novoportal\/wp-json\/wp\/v2\/posts\/34109","targetHints":{"allow":["GET"]}}],"collection":[{"href":"https:\/\/www.sudoestehoje.com.br\/novoportal\/wp-json\/wp\/v2\/posts"}],"about":[{"href":"https:\/\/www.sudoestehoje.com.br\/novoportal\/wp-json\/wp\/v2\/types\/post"}],"author":[{"embeddable":true,"href":"https:\/\/www.sudoestehoje.com.br\/novoportal\/wp-json\/wp\/v2\/users\/2"}],"replies":[{"embeddable":true,"href":"https:\/\/www.sudoestehoje.com.br\/novoportal\/wp-json\/wp\/v2\/comments?post=34109"}],"version-history":[{"count":2,"href":"https:\/\/www.sudoestehoje.com.br\/novoportal\/wp-json\/wp\/v2\/posts\/34109\/revisions"}],"predecessor-version":[{"id":34111,"href":"https:\/\/www.sudoestehoje.com.br\/novoportal\/wp-json\/wp\/v2\/posts\/34109\/revisions\/34111"}],"wp:attachment":[{"href":"https:\/\/www.sudoestehoje.com.br\/novoportal\/wp-json\/wp\/v2\/media?parent=34109"}],"wp:term":[{"taxonomy":"category","embeddable":true,"href":"https:\/\/www.sudoestehoje.com.br\/novoportal\/wp-json\/wp\/v2\/categories?post=34109"},{"taxonomy":"post_tag","embeddable":true,"href":"https:\/\/www.sudoestehoje.com.br\/novoportal\/wp-json\/wp\/v2\/tags?post=34109"}],"curies":[{"name":"wp","href":"https:\/\/api.w.org\/{rel}","templated":true}]}}