
{"id":34107,"date":"2014-01-29T21:39:35","date_gmt":"2014-01-30T00:39:35","guid":{"rendered":"http:\/\/www.sudoestehoje.com.br\/novoportal\/?p=34107"},"modified":"2014-01-29T21:39:35","modified_gmt":"2014-01-30T00:39:35","slug":"marina-aceita-vice-de-eduardo-campos","status":"publish","type":"post","link":"https:\/\/www.sudoestehoje.com.br\/novoportal\/2014\/01\/29\/marina-aceita-vice-de-eduardo-campos\/","title":{"rendered":"MARINA ACEITA VICE DE EDUARDO CAMPOS"},"content":{"rendered":"<p style=\"text-align: center;\"><img decoding=\"async\" class=\"aligncenter\" alt=\"\" src=\"http:\/\/veja.abril.com.br\/blog\/ricardo-setti\/files\/2013\/10\/Marina-com-Campos-Ueslei-Marcelino-Reuters.jpg\" width=\"500\" \/><\/p>\n<p>A ex-senadora Marina Silva aceitou ser candidata a vice-presidente da Rep\u00fablica na chapa que ser\u00e1 encabe\u00e7ada pelo governador de Pernambuco, Eduardo Campos (PSB).<\/p>\n<p>Marina reconhece o esfor\u00e7o de Campos para cumprir os compromissos que assumiu com ela. Os dois principais s\u00e3o: apresentar um programa de governo que leve em conta o ide\u00e1rio da Rede e lan\u00e7ar candidatos pr\u00f3prios a governador em S\u00e3o Paulo, Rio de Janeiro e Minas.<\/p>\n<p>Nas palavras de quem acompanhou a negocia\u00e7\u00e3o entre Marina e Campos, o governador de Pernambuco est\u00e1 fazendo \u201cuma corre\u00e7\u00e3o de rota\u201d no PSB desde o \u00faltimo dia 5 de outubro, quando a ex-senadora aceitou entrar no seu partido.<!--more--><\/p>\n<p>Campos, por exemplo, reviu compromissos pol\u00edticos para alian\u00e7as em alguns Estados a fim de atender propostas de Marina. Tamb\u00e9m recalibrou sua rela\u00e7\u00e3o com defensores mais tradicionais do agroneg\u00f3cio.<\/p>\n<p>Nas palavras de Marina, Campos tem sido leal e, aos poucos, vem fazendo inflex\u00f5es no PSB a fim de adequar seu discurso e seu programa ao figurino da Rede. Ela entende que isso leva tempo e que Campos tem caminhado para contemplar suas ideias.<\/p>\n<p>A ex-senadora considera que, atendidos esses crit\u00e9rios, ela deve ser vice, como j\u00e1 pediu Campos. Pesquisas do PSB mostram que a apresenta\u00e7\u00e3o ao entrevistado de uma chapa Campos-Marina melhora a inten\u00e7\u00e3o de voto do governador de Pernambuco.<\/p>\n<p>Ao aceitar ser vice de Campos, Marina disse que ele poderia efetuar at\u00e9 uma troca na chapa ao longo dos pr\u00f3ximos meses caso encontre um nome que possa agregar maior apoio pol\u00edtico.<\/p>\n<p>Campos avalia que Marina \u00e9 a op\u00e7\u00e3o que mais fortalece o projeto presidencial do PSB. Ela obteve quase 20 milh\u00f5es de votos na elei\u00e7\u00e3o presidencial de 2010. O PSB acredita que Marina pode impulsionar o partido a tomar o lugar do PSDB em eventual segundo turno contra a presidente Dilma Rousseff.<\/p>\n<p><span style=\"line-height: 1.5em;\">(<\/span><em style=\"line-height: 1.5em;\">IG\/Blog do Kennedy)<\/em><\/p>\n","protected":false},"excerpt":{"rendered":"<p>A ex-senadora Marina Silva aceitou ser candidata a vice-presidente da Rep\u00fablica na chapa que ser\u00e1 encabe\u00e7ada pelo governador de Pernambuco, Eduardo Campos (PSB). Marina reconhece o esfor\u00e7o de Campos para cumprir os compromissos que assumiu com ela. Os dois principais s\u00e3o: apresentar um programa de governo que leve em conta o ide\u00e1rio da Rede e [&hellip;]<\/p>\n","protected":false},"author":2,"featured_media":0,"comment_status":"open","ping_status":"open","sticky":false,"template":"","format":"standard","meta":{"footnotes":"","_links_to":"","_links_to_target":""},"categories":[1],"tags":[],"class_list":["post-34107","post","type-post","status-publish","format-standard","hentry","category-geral"],"views":1469,"_links":{"self":[{"href":"https:\/\/www.sudoestehoje.com.br\/novoportal\/wp-json\/wp\/v2\/posts\/34107","targetHints":{"allow":["GET"]}}],"collection":[{"href":"https:\/\/www.sudoestehoje.com.br\/novoportal\/wp-json\/wp\/v2\/posts"}],"about":[{"href":"https:\/\/www.sudoestehoje.com.br\/novoportal\/wp-json\/wp\/v2\/types\/post"}],"author":[{"embeddable":true,"href":"https:\/\/www.sudoestehoje.com.br\/novoportal\/wp-json\/wp\/v2\/users\/2"}],"replies":[{"embeddable":true,"href":"https:\/\/www.sudoestehoje.com.br\/novoportal\/wp-json\/wp\/v2\/comments?post=34107"}],"version-history":[{"count":1,"href":"https:\/\/www.sudoestehoje.com.br\/novoportal\/wp-json\/wp\/v2\/posts\/34107\/revisions"}],"predecessor-version":[{"id":34108,"href":"https:\/\/www.sudoestehoje.com.br\/novoportal\/wp-json\/wp\/v2\/posts\/34107\/revisions\/34108"}],"wp:attachment":[{"href":"https:\/\/www.sudoestehoje.com.br\/novoportal\/wp-json\/wp\/v2\/media?parent=34107"}],"wp:term":[{"taxonomy":"category","embeddable":true,"href":"https:\/\/www.sudoestehoje.com.br\/novoportal\/wp-json\/wp\/v2\/categories?post=34107"},{"taxonomy":"post_tag","embeddable":true,"href":"https:\/\/www.sudoestehoje.com.br\/novoportal\/wp-json\/wp\/v2\/tags?post=34107"}],"curies":[{"name":"wp","href":"https:\/\/api.w.org\/{rel}","templated":true}]}}