
{"id":34101,"date":"2014-01-28T22:58:34","date_gmt":"2014-01-29T01:58:34","guid":{"rendered":"http:\/\/www.sudoestehoje.com.br\/novoportal\/?p=34101"},"modified":"2014-01-28T22:58:34","modified_gmt":"2014-01-29T01:58:34","slug":"eleicao-vai-ao-2o-turno-ja-admite-pt","status":"publish","type":"post","link":"https:\/\/www.sudoestehoje.com.br\/novoportal\/2014\/01\/28\/eleicao-vai-ao-2o-turno-ja-admite-pt\/","title":{"rendered":"ELEI\u00c7\u00c3O VAI AO 2\u00ba TURNO, J\u00c1 ADMITE PT"},"content":{"rendered":"<p><img decoding=\"async\" class=\"aligncenter\" alt=\"\" src=\"http:\/\/www.politicalivre.com.br\/wp-content\/thumbgen_cache\/c80eed301913edab0ae6bd4d94d1f50e.jpg\" width=\"500\" \/><\/p>\n<p>O cen\u00e1rio econ\u00f4mico ruim e a expectativa do retorno dos protestos populares durante a Copa do Mundo fazem com que o governo federal, o PT e partidos aliados deem como certo que a elei\u00e7\u00e3o presidencial deste ano s\u00f3 ser\u00e1 decidida no 2.\u00ba turno. Somam-se a esses fatores o desgaste da m\u00e1quina do governo, al\u00e9m do surgimento de novas candidaturas nunca antes testadas pelo eleitor em n\u00edvel federal, como as do senador A\u00e9cio Neves (PSDB-MG) e a do governador de Pernambuco, Eduardo Campos (PSB).<\/p>\n<p>Jo\u00e3o Domingos, Estad\u00e3o<\/p>\n","protected":false},"excerpt":{"rendered":"<p>O cen\u00e1rio econ\u00f4mico ruim e a expectativa do retorno dos protestos populares durante a Copa do Mundo fazem com que o governo federal, o PT e partidos aliados deem como certo que a elei\u00e7\u00e3o presidencial deste ano s\u00f3 ser\u00e1 decidida no 2.\u00ba turno. Somam-se a esses fatores o desgaste da m\u00e1quina do governo, al\u00e9m do [&hellip;]<\/p>\n","protected":false},"author":2,"featured_media":0,"comment_status":"open","ping_status":"open","sticky":false,"template":"","format":"standard","meta":{"footnotes":"","_links_to":"","_links_to_target":""},"categories":[1],"tags":[],"class_list":["post-34101","post","type-post","status-publish","format-standard","hentry","category-geral"],"views":1508,"_links":{"self":[{"href":"https:\/\/www.sudoestehoje.com.br\/novoportal\/wp-json\/wp\/v2\/posts\/34101","targetHints":{"allow":["GET"]}}],"collection":[{"href":"https:\/\/www.sudoestehoje.com.br\/novoportal\/wp-json\/wp\/v2\/posts"}],"about":[{"href":"https:\/\/www.sudoestehoje.com.br\/novoportal\/wp-json\/wp\/v2\/types\/post"}],"author":[{"embeddable":true,"href":"https:\/\/www.sudoestehoje.com.br\/novoportal\/wp-json\/wp\/v2\/users\/2"}],"replies":[{"embeddable":true,"href":"https:\/\/www.sudoestehoje.com.br\/novoportal\/wp-json\/wp\/v2\/comments?post=34101"}],"version-history":[{"count":1,"href":"https:\/\/www.sudoestehoje.com.br\/novoportal\/wp-json\/wp\/v2\/posts\/34101\/revisions"}],"predecessor-version":[{"id":34102,"href":"https:\/\/www.sudoestehoje.com.br\/novoportal\/wp-json\/wp\/v2\/posts\/34101\/revisions\/34102"}],"wp:attachment":[{"href":"https:\/\/www.sudoestehoje.com.br\/novoportal\/wp-json\/wp\/v2\/media?parent=34101"}],"wp:term":[{"taxonomy":"category","embeddable":true,"href":"https:\/\/www.sudoestehoje.com.br\/novoportal\/wp-json\/wp\/v2\/categories?post=34101"},{"taxonomy":"post_tag","embeddable":true,"href":"https:\/\/www.sudoestehoje.com.br\/novoportal\/wp-json\/wp\/v2\/tags?post=34101"}],"curies":[{"name":"wp","href":"https:\/\/api.w.org\/{rel}","templated":true}]}}