
{"id":34099,"date":"2014-01-28T22:54:32","date_gmt":"2014-01-29T01:54:32","guid":{"rendered":"http:\/\/www.sudoestehoje.com.br\/novoportal\/?p=34099"},"modified":"2014-01-28T22:54:32","modified_gmt":"2014-01-29T01:54:32","slug":"senador-joao-durval-e-escanteado-pelo-pt-nas-negociacoes-para-2014","status":"publish","type":"post","link":"https:\/\/www.sudoestehoje.com.br\/novoportal\/2014\/01\/28\/senador-joao-durval-e-escanteado-pelo-pt-nas-negociacoes-para-2014\/","title":{"rendered":"SENADOR JO\u00c3O DURVAL \u00c9 ESCANTEADO PELO PT NAS NEGOCIA\u00c7\u00d5ES PARA 2014"},"content":{"rendered":"<p><img decoding=\"async\" class=\"aligncenter\" alt=\"\" src=\"http:\/\/www.politicalivre.com.br\/wp-content\/thumbgen_cache\/32136475f13f251d04b87b59956eb350.jpg\" width=\"500\" \/><\/p>\n<p>Ele j\u00e1 foi vereador, prefeito, deputado federal, governador e agora ocupa uma cadeira no Senado como o quarto senador mais votado do pa\u00eds. Com quase 85 anos de idade, a experi\u00eancia de vida e o curr\u00edculo pol\u00edtico de Jo\u00e3o Durval (PDT) parecem ter sido ignorados pela pr\u00f3pria sigla e pelo governador Jaques Wagner (PT).<\/p>\n<p>Informa\u00e7\u00f5es apontam que o senador tem sido preterido do processo de conversa\u00e7\u00e3o com o governador, embora tenha feito campanha e sido eleito junto com o petista em 2006. Questionado sobre o assunto, o comando do PT negou qualquer tipo de exclus\u00e3o, ressaltando que as negocia\u00e7\u00f5es acontecem diretamente com as lideran\u00e7as partid\u00e1rias. Em per\u00edodos de intensas negocia\u00e7\u00f5es e articula\u00e7\u00f5es pol\u00edticas, formar alian\u00e7as e garantir apoios de grandes nomes do cen\u00e1rio local \u00e9 essencial. Contudo, h\u00e1 quem afirme que o senador tem sido exclu\u00eddo pelo grupo pol\u00edtico liderado pelo PT, que n\u00e3o faz quest\u00e3o de inclu\u00ed-lo na discuss\u00e3o pol\u00edtica da Bahia.<\/p>\n<p>Assessores pr\u00f3ximos ao senador Jo\u00e3o Durval enfatizam que at\u00e9 o momento nenhum contato foi feito com ele e nem tem sido feito ao longo das duas gest\u00f5es do governador Wagner. Al\u00e9m disso, Durval tamb\u00e9m estaria descontente com o abandono do PDT, que sequer cogita possibilidade de ele tentar se reeleger. H\u00e1 quem diga tamb\u00e9m que o senador s\u00f3 estaria esperando o fechamento da chapa para lan\u00e7ar-se candidato a governador. Leia mais no\u00a0<a href=\"http:\/\/www.tribunadabahia.com.br\/2014\/01\/27\/pt-exclui-joao-durval-de-negociacoes\" target=\"_blank\">Tribuna<\/a>.<\/p>\n","protected":false},"excerpt":{"rendered":"<p>Ele j\u00e1 foi vereador, prefeito, deputado federal, governador e agora ocupa uma cadeira no Senado como o quarto senador mais votado do pa\u00eds. Com quase 85 anos de idade, a experi\u00eancia de vida e o curr\u00edculo pol\u00edtico de Jo\u00e3o Durval (PDT) parecem ter sido ignorados pela pr\u00f3pria sigla e pelo governador Jaques Wagner (PT). Informa\u00e7\u00f5es [&hellip;]<\/p>\n","protected":false},"author":2,"featured_media":0,"comment_status":"open","ping_status":"open","sticky":false,"template":"","format":"standard","meta":{"footnotes":"","_links_to":"","_links_to_target":""},"categories":[1],"tags":[],"class_list":["post-34099","post","type-post","status-publish","format-standard","hentry","category-geral"],"views":1344,"_links":{"self":[{"href":"https:\/\/www.sudoestehoje.com.br\/novoportal\/wp-json\/wp\/v2\/posts\/34099","targetHints":{"allow":["GET"]}}],"collection":[{"href":"https:\/\/www.sudoestehoje.com.br\/novoportal\/wp-json\/wp\/v2\/posts"}],"about":[{"href":"https:\/\/www.sudoestehoje.com.br\/novoportal\/wp-json\/wp\/v2\/types\/post"}],"author":[{"embeddable":true,"href":"https:\/\/www.sudoestehoje.com.br\/novoportal\/wp-json\/wp\/v2\/users\/2"}],"replies":[{"embeddable":true,"href":"https:\/\/www.sudoestehoje.com.br\/novoportal\/wp-json\/wp\/v2\/comments?post=34099"}],"version-history":[{"count":1,"href":"https:\/\/www.sudoestehoje.com.br\/novoportal\/wp-json\/wp\/v2\/posts\/34099\/revisions"}],"predecessor-version":[{"id":34100,"href":"https:\/\/www.sudoestehoje.com.br\/novoportal\/wp-json\/wp\/v2\/posts\/34099\/revisions\/34100"}],"wp:attachment":[{"href":"https:\/\/www.sudoestehoje.com.br\/novoportal\/wp-json\/wp\/v2\/media?parent=34099"}],"wp:term":[{"taxonomy":"category","embeddable":true,"href":"https:\/\/www.sudoestehoje.com.br\/novoportal\/wp-json\/wp\/v2\/categories?post=34099"},{"taxonomy":"post_tag","embeddable":true,"href":"https:\/\/www.sudoestehoje.com.br\/novoportal\/wp-json\/wp\/v2\/tags?post=34099"}],"curies":[{"name":"wp","href":"https:\/\/api.w.org\/{rel}","templated":true}]}}