
{"id":34084,"date":"2014-01-27T07:34:53","date_gmt":"2014-01-27T10:34:53","guid":{"rendered":"http:\/\/www.sudoestehoje.com.br\/novoportal\/?p=34084"},"modified":"2014-01-26T23:38:14","modified_gmt":"2014-01-27T02:38:14","slug":"projeto-de-walter-pinheiro-quer-proibir-greves-durante-a-copa","status":"publish","type":"post","link":"https:\/\/www.sudoestehoje.com.br\/novoportal\/2014\/01\/27\/projeto-de-walter-pinheiro-quer-proibir-greves-durante-a-copa\/","title":{"rendered":"PROJETO DE WALTER PINHEIRO QUER PROIBIR GREVES DURANTE A COPA"},"content":{"rendered":"<p style=\"text-align: center;\"><img decoding=\"async\" class=\"aligncenter\" alt=\"\" src=\"http:\/\/veja.abril.com.br\/blog\/radar-on-line\/files\/2012\/04\/walter-pinheiro.jpg\" width=\"450\" \/><\/p>\n<p>O caro eleitor baiano sabe que um representante seu no Congresso est\u00e1 envolvido na proposi\u00e7\u00e3o de um projeto que \u00e9 um verdadeiro golpe autorit\u00e1rio na Constitui\u00e7\u00e3o? Pois \u00e9. Segundo o blog de Juca Kfouri, o senador baiano Walter Pinheiro (PT) \u00e9 autor, junto com os colegas de Senado Marcelo Crivella (PRB-RJ) e Ana Am\u00e9lia (PP-RS), do projeto de lei 728\/2011, que pro\u00edbe greves no pa\u00eds durante os jogos da Copa do Mundo.<\/p>\n<p>De acordo com o mesmo comentarista esportivo, o ex-presidente da OAB do Rio de Janeiro, Wadih Damous, ficou t\u00e3o horrorizado com a proposta do senador baiano e seus pares que usou sua p\u00e1gina no Facebook para qualificar a proposta de \u201cAI-5 do futebol\u201d.\u00a0Al\u00e9m disso, o projeto inclui o \u201cterrorismo\u201d no rol de crimes com puni\u00e7\u00f5es duras e penas altas para quem \u201cprovocar terror ou p\u00e2nico generalizado\u201d.<\/p>\n<p>Nas palavras do pr\u00f3prio Damous: \u201cEsse monstrengo, se virar lei, suspende a Constitui\u00e7\u00e3o e, ao criar o tipo penal, totalmente aberto, de terrorismo, sepulta, de vez, o direito constitucional \u00e0 manifesta\u00e7\u00e3o p\u00fablica\u201d.\u00a0O advogado lembra que o Estado brasileiro afirma que n\u00e3o se \u201ccurvar\u00e1\u201d \u00e0 OEA para processar e punir torturadores, descumprindo tratados internacionais firmados pelo Brasil.<\/p>\n<p>No entanto, observa, se \u201cajoelha\u201d diante da FIFA, \u201csubmetendo-se a aprovar leis de exce\u00e7\u00e3o ao nosso ordenamento constitucional\u201d. Pinheiro e seus colegas s\u00e3o da base do governo Dilma Rousseff (PT) no Senado. Pol\u00edtica Livre<\/p>\n","protected":false},"excerpt":{"rendered":"<p>O caro eleitor baiano sabe que um representante seu no Congresso est\u00e1 envolvido na proposi\u00e7\u00e3o de um projeto que \u00e9 um verdadeiro golpe autorit\u00e1rio na Constitui\u00e7\u00e3o? Pois \u00e9. Segundo o blog de Juca Kfouri, o senador baiano Walter Pinheiro (PT) \u00e9 autor, junto com os colegas de Senado Marcelo Crivella (PRB-RJ) e Ana Am\u00e9lia (PP-RS), [&hellip;]<\/p>\n","protected":false},"author":2,"featured_media":0,"comment_status":"open","ping_status":"open","sticky":false,"template":"","format":"standard","meta":{"footnotes":"","_links_to":"","_links_to_target":""},"categories":[1],"tags":[],"class_list":["post-34084","post","type-post","status-publish","format-standard","hentry","category-geral"],"views":1402,"_links":{"self":[{"href":"https:\/\/www.sudoestehoje.com.br\/novoportal\/wp-json\/wp\/v2\/posts\/34084","targetHints":{"allow":["GET"]}}],"collection":[{"href":"https:\/\/www.sudoestehoje.com.br\/novoportal\/wp-json\/wp\/v2\/posts"}],"about":[{"href":"https:\/\/www.sudoestehoje.com.br\/novoportal\/wp-json\/wp\/v2\/types\/post"}],"author":[{"embeddable":true,"href":"https:\/\/www.sudoestehoje.com.br\/novoportal\/wp-json\/wp\/v2\/users\/2"}],"replies":[{"embeddable":true,"href":"https:\/\/www.sudoestehoje.com.br\/novoportal\/wp-json\/wp\/v2\/comments?post=34084"}],"version-history":[{"count":1,"href":"https:\/\/www.sudoestehoje.com.br\/novoportal\/wp-json\/wp\/v2\/posts\/34084\/revisions"}],"predecessor-version":[{"id":34085,"href":"https:\/\/www.sudoestehoje.com.br\/novoportal\/wp-json\/wp\/v2\/posts\/34084\/revisions\/34085"}],"wp:attachment":[{"href":"https:\/\/www.sudoestehoje.com.br\/novoportal\/wp-json\/wp\/v2\/media?parent=34084"}],"wp:term":[{"taxonomy":"category","embeddable":true,"href":"https:\/\/www.sudoestehoje.com.br\/novoportal\/wp-json\/wp\/v2\/categories?post=34084"},{"taxonomy":"post_tag","embeddable":true,"href":"https:\/\/www.sudoestehoje.com.br\/novoportal\/wp-json\/wp\/v2\/tags?post=34084"}],"curies":[{"name":"wp","href":"https:\/\/api.w.org\/{rel}","templated":true}]}}