
{"id":34071,"date":"2014-01-27T05:40:19","date_gmt":"2014-01-27T08:40:19","guid":{"rendered":"http:\/\/www.sudoestehoje.com.br\/novoportal\/?p=34071"},"modified":"2014-01-26T21:44:12","modified_gmt":"2014-01-27T00:44:12","slug":"paulo-souto-eleva-o-tom-e-ja-discursa-como-candidato-das-oposicoes","status":"publish","type":"post","link":"https:\/\/www.sudoestehoje.com.br\/novoportal\/2014\/01\/27\/paulo-souto-eleva-o-tom-e-ja-discursa-como-candidato-das-oposicoes\/","title":{"rendered":"PAULO SOUTO ELEVA O TOM E J\u00c1 DISCURSA COMO CANDIDATO DAS OPOSI\u00c7\u00d5ES"},"content":{"rendered":"<p style=\"text-align: center;\"><img decoding=\"async\" class=\"aligncenter\" alt=\"\" src=\"http:\/\/i.imgur.com\/qy58dZ0.jpg\" width=\"450\" \/><\/p>\n<p>A disputa para saber quem vai encabe\u00e7ar a chapa majorit\u00e1ria da oposi\u00e7\u00e3o contra a do Partido dos Trabalhadores (PT) em outubro deste ano come\u00e7a a esquentar. Antes envolvido em um embate frio, sem demonstra\u00e7\u00e3o de interesse para viabilizar a candidatura, o ex-governador Paulo Souto (DEM) d\u00e1 ind\u00edcios de que voltou atr\u00e1s da ideia e come\u00e7ou a figurar como o mais prov\u00e1vel para assumir a\u00a0responsabilidade outra vez.<\/p>\n<p>\u00c9 que o ex-governador, depois de ter sinalizado que aceitaria ser candidato das oposi\u00e7\u00f5es iniciou um intenso ataque ao governo e sobrou at\u00e9 para o pr\u00e9-candidato petista Rui Costa, atualmente\u00a0secret\u00e1rio da Casa Civil de Jaques Wagner (PT). O democrata, com uma nova postura, cobrou da Justi\u00e7a Eleitoral \u201cmedida rigorosa\u201d em rela\u00e7\u00e3o ao comportamento do\u00a0atual secret\u00e1rio, que, conforme ele, \u201cainda exercendo o cargo n\u00e3o se inibe de utiliz\u00e1-lo politicamente em prol de sua candidatura\u201d \u00e0 sucess\u00e3o.<!--more--><\/p>\n<p>\u201cA Justi\u00e7a Eleitoral precisa coibir este absurdo sob o risco de, em outubro, termos a mais desigual campanha eleitoral da hist\u00f3ria da Bahia\u201d, alertou Paulo Souto em sua p\u00e1gina do Facebook. Essa declara\u00e7\u00e3o do cacique do DEM, aconteceu um dia ap\u00f3s a empreitada do peemedebista Geddel Vieira Lima \u2013 que tamb\u00e9m disputa com o democrata a indica\u00e7\u00e3o na majorit\u00e1ria da oposi\u00e7\u00e3o \u2013 , em ter\u00a0<a href=\"http:\/\/www.blogdomarcelo.com.br\/v2\/2014\/01\/26\/paulo-souto-eleva-o-tom-e-ja-discursa-como-candidato-a-ondina\/#\" rel=\"nofollow\">divulgado<\/a>\u00a0texto enumerando os partidos que apoiam ele como pr\u00e9-candidato ao governo. Al\u00e9m dele o secret\u00e1rio Jos\u00e9 Carlos Aleluia (DEM), tamb\u00e9m se coloca \u00e0 disposi\u00e7\u00e3o. Por\u00e9m, o nome de Souto, conforme informa\u00e7\u00f5es, segue na dianteira e o an\u00fancio pode ser antecipado para antes do Carnaval.<\/p>\n","protected":false},"excerpt":{"rendered":"<p>A disputa para saber quem vai encabe\u00e7ar a chapa majorit\u00e1ria da oposi\u00e7\u00e3o contra a do Partido dos Trabalhadores (PT) em outubro deste ano come\u00e7a a esquentar. Antes envolvido em um embate frio, sem demonstra\u00e7\u00e3o de interesse para viabilizar a candidatura, o ex-governador Paulo Souto (DEM) d\u00e1 ind\u00edcios de que voltou atr\u00e1s da ideia e come\u00e7ou [&hellip;]<\/p>\n","protected":false},"author":2,"featured_media":0,"comment_status":"open","ping_status":"open","sticky":false,"template":"","format":"standard","meta":{"footnotes":"","_links_to":"","_links_to_target":""},"categories":[1],"tags":[],"class_list":["post-34071","post","type-post","status-publish","format-standard","hentry","category-geral"],"views":1389,"_links":{"self":[{"href":"https:\/\/www.sudoestehoje.com.br\/novoportal\/wp-json\/wp\/v2\/posts\/34071","targetHints":{"allow":["GET"]}}],"collection":[{"href":"https:\/\/www.sudoestehoje.com.br\/novoportal\/wp-json\/wp\/v2\/posts"}],"about":[{"href":"https:\/\/www.sudoestehoje.com.br\/novoportal\/wp-json\/wp\/v2\/types\/post"}],"author":[{"embeddable":true,"href":"https:\/\/www.sudoestehoje.com.br\/novoportal\/wp-json\/wp\/v2\/users\/2"}],"replies":[{"embeddable":true,"href":"https:\/\/www.sudoestehoje.com.br\/novoportal\/wp-json\/wp\/v2\/comments?post=34071"}],"version-history":[{"count":2,"href":"https:\/\/www.sudoestehoje.com.br\/novoportal\/wp-json\/wp\/v2\/posts\/34071\/revisions"}],"predecessor-version":[{"id":34073,"href":"https:\/\/www.sudoestehoje.com.br\/novoportal\/wp-json\/wp\/v2\/posts\/34071\/revisions\/34073"}],"wp:attachment":[{"href":"https:\/\/www.sudoestehoje.com.br\/novoportal\/wp-json\/wp\/v2\/media?parent=34071"}],"wp:term":[{"taxonomy":"category","embeddable":true,"href":"https:\/\/www.sudoestehoje.com.br\/novoportal\/wp-json\/wp\/v2\/categories?post=34071"},{"taxonomy":"post_tag","embeddable":true,"href":"https:\/\/www.sudoestehoje.com.br\/novoportal\/wp-json\/wp\/v2\/tags?post=34071"}],"curies":[{"name":"wp","href":"https:\/\/api.w.org\/{rel}","templated":true}]}}