
{"id":34023,"date":"2014-01-23T21:24:37","date_gmt":"2014-01-24T00:24:37","guid":{"rendered":"http:\/\/www.sudoestehoje.com.br\/novoportal\/?p=34023"},"modified":"2014-01-23T21:27:53","modified_gmt":"2014-01-24T00:27:53","slug":"itapetinga-e-a-cidade-que-mais-demitiu-trabalhadores-na-bahia-em-2013","status":"publish","type":"post","link":"https:\/\/www.sudoestehoje.com.br\/novoportal\/2014\/01\/23\/itapetinga-e-a-cidade-que-mais-demitiu-trabalhadores-na-bahia-em-2013\/","title":{"rendered":"ITAPETINGA \u00c9 A CIDADE QUE MAIS DEMITIU TRABALHADORES NA BAHIA EM 2013"},"content":{"rendered":"<p><a href=\"http:\/\/www.sudoestehoje.com.br\/novoportal\/wp-content\/uploads\/2014\/01\/azaleia-itapetinga-demiss\u00e3o.jpg\"><img loading=\"lazy\" decoding=\"async\" class=\"aligncenter size-medium wp-image-34024\" alt=\"azaleia itapetinga demiss\u00e3o\" src=\"http:\/\/www.sudoestehoje.com.br\/novoportal\/wp-content\/uploads\/2014\/01\/azaleia-itapetinga-demiss\u00e3o-500x375.jpg\" width=\"500\" height=\"375\" srcset=\"https:\/\/www.sudoestehoje.com.br\/novoportal\/wp-content\/uploads\/2014\/01\/azaleia-itapetinga-demiss\u00e3o-500x375.jpg 500w, https:\/\/www.sudoestehoje.com.br\/novoportal\/wp-content\/uploads\/2014\/01\/azaleia-itapetinga-demiss\u00e3o-700x525.jpg 700w, https:\/\/www.sudoestehoje.com.br\/novoportal\/wp-content\/uploads\/2014\/01\/azaleia-itapetinga-demiss\u00e3o.jpg 960w\" sizes=\"auto, (max-width: 500px) 100vw, 500px\" \/><\/a><\/p>\n<p>Mat\u00e9ria publicada nesta quinta-feira, no portal de not\u00edcias G1 da rede Globo, tr\u00e1s o ranking das 50 cidades que mais contrataram e as 50 que mais demitiram trabalhadores em todo o Brasil. Para nossa tristeza, Itapetinga figura em 12\u00ba lugar no ranking negativo nacional e em 1\u00ba lugar na Bahia, com 1.506 demiss\u00f5es no per\u00edodo, superando grandes metr\u00f3poles como Belo Horizonte (MG), Duque de Caxias (RJ), Diadema (SP), dentre outras, que tamb\u00e9m figuram entre as que mais demitiram.<\/p>\n<p>A principal respons\u00e1vel por essa verdadeira avalanche de demiss\u00f5es, continua sendo a Vulcabras\/Azal\u00e9ia, que em 2012 fechou 12 filiais na regi\u00e3o e continuou demitindo em sua matriz, localizada em Itapetinga.<\/p>\n<p><a href=\"http:\/\/g1.globo.com\/economia\/noticia\/2014\/01\/veja-cidades-que-mais-contrataram-e-mais-demitiram-em-2013.html\" target=\"_blank\">Confira mat\u00e9ria no G1<\/a><\/p>\n<p><strong>50 CIDADES QUE MAIS DEMITIRAM EM 2013:<\/strong><\/p>\n<p><strong>Porto Velho (RO): -8.112<\/strong><br \/>\nParauapebas (PA): -5.795<br \/>\nPaul\u00ednia (SP): -3.891<br \/>\nSalgueiro (PE): -3.402<br \/>\nS\u00e3o Louren\u00e7o da Mata (PE): -2.935<br \/>\nJoaquim Nabuco (PE): -2.845<br \/>\nNova Lima (MG): -2.539<br \/>\nCoruripe (AL): -2.511<br \/>\nS\u00e3o Miguel dos Campos (AL): -2.232<br \/>\nMat\u00e3o (SP): -2.135<br \/>\nQueimados (RJ): -1.545<br \/>\n<em><strong>Itapetinga (BA): -1.506<\/strong><\/em><!--more--><br \/>\nDuque de Caxias (RJ): -1.451<br \/>\nJaguari\u00fana (SP): -1.409<br \/>\nOuro Branco (MG): -1.399<br \/>\nCerro Negro (SC): -1.397<br \/>\nItapiranga (AM): -1.260<br \/>\nCotia (SP): -1.233<br \/>\nBebedouro (SP): -1.220<br \/>\nDias D&#8217;Avila (BA): -1.177<br \/>\nIpatinga (MG): -1.164<br \/>\nCarm\u00f3polis (SE): -1.142<br \/>\nItaquitinga (PE): -1.112<br \/>\nItabira (MG): -1.087<br \/>\nItagua\u00ed (RJ): -1.055<br \/>\nBiritiba-Mirim (SP): -1.052<br \/>\nMarab\u00e1 Paulista (SP): -1.003<br \/>\nJaboticabal (SP): -974<br \/>\nDiadema (SP): -937<br \/>\nVolta Redonda (RJ): -916<br \/>\nPontal do Parana (PR): -901<br \/>\nS\u00e3o Caetano do Sul (SP): -901<br \/>\nPirassununga (SP): -866<br \/>\nArauc\u00e1ria (PR): -845<br \/>\n<strong>Belo Horizonte (MG): -843<\/strong><br \/>\nSapiranga (RS): -818<br \/>\nPedregulho (SP): -813<br \/>\nCajamar (SP): -810<br \/>\nCol\u00f4mbia (SP): -809<br \/>\nS\u00e3o Jo\u00e3o da Barra (RJ): -787<br \/>\nCol\u00f4nia Leopoldina (AL): -767<br \/>\nFerreira Gomes (AP): -765<br \/>\nBezerros (PE): -763<br \/>\nSim\u00f5es Filho (BA): -747<br \/>\nAcail\u00e2ndia (MA): -739<br \/>\nCapela (SE): -723<br \/>\nNova Cana\u00e3 do Norte (MT): -700<br \/>\nJuqui\u00e1 da Praia (AL): -695<br \/>\nSidrol\u00e2ndia (MS): -693<br \/>\nCatanduva (SP):\u00a0 -670<\/p>\n","protected":false},"excerpt":{"rendered":"<p>Mat\u00e9ria publicada nesta quinta-feira, no portal de not\u00edcias G1 da rede Globo, tr\u00e1s o ranking das 50 cidades que mais contrataram e as 50 que mais demitiram trabalhadores em todo o Brasil. Para nossa tristeza, Itapetinga figura em 12\u00ba lugar no ranking negativo nacional e em 1\u00ba lugar na Bahia, com 1.506 demiss\u00f5es no per\u00edodo, [&hellip;]<\/p>\n","protected":false},"author":2,"featured_media":0,"comment_status":"open","ping_status":"open","sticky":false,"template":"","format":"standard","meta":{"footnotes":"","_links_to":"","_links_to_target":""},"categories":[1],"tags":[],"class_list":["post-34023","post","type-post","status-publish","format-standard","hentry","category-geral"],"views":3884,"_links":{"self":[{"href":"https:\/\/www.sudoestehoje.com.br\/novoportal\/wp-json\/wp\/v2\/posts\/34023","targetHints":{"allow":["GET"]}}],"collection":[{"href":"https:\/\/www.sudoestehoje.com.br\/novoportal\/wp-json\/wp\/v2\/posts"}],"about":[{"href":"https:\/\/www.sudoestehoje.com.br\/novoportal\/wp-json\/wp\/v2\/types\/post"}],"author":[{"embeddable":true,"href":"https:\/\/www.sudoestehoje.com.br\/novoportal\/wp-json\/wp\/v2\/users\/2"}],"replies":[{"embeddable":true,"href":"https:\/\/www.sudoestehoje.com.br\/novoportal\/wp-json\/wp\/v2\/comments?post=34023"}],"version-history":[{"count":5,"href":"https:\/\/www.sudoestehoje.com.br\/novoportal\/wp-json\/wp\/v2\/posts\/34023\/revisions"}],"predecessor-version":[{"id":34029,"href":"https:\/\/www.sudoestehoje.com.br\/novoportal\/wp-json\/wp\/v2\/posts\/34023\/revisions\/34029"}],"wp:attachment":[{"href":"https:\/\/www.sudoestehoje.com.br\/novoportal\/wp-json\/wp\/v2\/media?parent=34023"}],"wp:term":[{"taxonomy":"category","embeddable":true,"href":"https:\/\/www.sudoestehoje.com.br\/novoportal\/wp-json\/wp\/v2\/categories?post=34023"},{"taxonomy":"post_tag","embeddable":true,"href":"https:\/\/www.sudoestehoje.com.br\/novoportal\/wp-json\/wp\/v2\/tags?post=34023"}],"curies":[{"name":"wp","href":"https:\/\/api.w.org\/{rel}","templated":true}]}}