
{"id":34019,"date":"2014-01-23T20:54:32","date_gmt":"2014-01-23T23:54:32","guid":{"rendered":"http:\/\/www.sudoestehoje.com.br\/novoportal\/?p=34019"},"modified":"2014-01-23T20:54:32","modified_gmt":"2014-01-23T23:54:32","slug":"antonio-brito-participa-de-homenagem-a-adib-jatene-em-sao-paulo","status":"publish","type":"post","link":"https:\/\/www.sudoestehoje.com.br\/novoportal\/2014\/01\/23\/antonio-brito-participa-de-homenagem-a-adib-jatene-em-sao-paulo\/","title":{"rendered":"ANT\u00d4NIO BRITO PARTICIPA DE HOMENAGEM A ADIB JATENE EM S\u00c3O PAULO"},"content":{"rendered":"<p><img decoding=\"async\" class=\"aligncenter\" alt=\"\" src=\"http:\/\/www.politicalivre.com.br\/wp-content\/thumbgen_cache\/d883323c811b7527253a399abbb5d25b.jpg\" width=\"500\" \/><\/p>\n<p>O Hospital do Cora\u00e7\u00e3o de S\u00e3o Paulo inaugurou hoje (23) seu novo edif\u00edcio, que recebeu o nome de Dr. Adib Jatene, duas vezes ministro da Sa\u00fade, cientista e professor universit\u00e1rio.<\/p>\n<p>O deputado federal Antonio Brito (PTB), presidente da Frente Parlamentar de Apoio \u00e0s Santas Casas e Entidades Filantr\u00f3picas e presidente da Confedera\u00e7\u00e3o Internacional das Miseric\u00f3rdias, participou da solenidade, levando o abra\u00e7o de todas as Santas Casas do mundo a essa iniciativa e ao trabalho produzido pelo HCor.<\/p>\n<p>Al\u00e9m de ser homenageado com o nome do novo edif\u00edcio, Dr. Adib Jatene teve tamb\u00e9m toda a sua hist\u00f3ria de vida contada num painel. O HCor \u00e9 um dos seis hospitais de excel\u00eancia do pa\u00eds que v\u00eam contribuindo com o setor filantr\u00f3pico com a\u00e7\u00f5es estrat\u00e9gicas do Minist\u00e9rio da Sa\u00fade.<\/p>\n<p>O edif\u00edcio de 13 andares e cinco subsolos abriga uma estrutura avan\u00e7ada para tratamentos de alta complexidade nas \u00e1reas de cardiologia, neurologia e oncologia.<\/p>\n<p>Tamb\u00e9m estiveram presentes ao evento o presidente da Rep\u00fablica em exerc\u00edcio, Michel Temer, o governador de S\u00e3o Paulo, Geraldo Alckmin, o ministro da Sa\u00fade, Alexandre Padilha, e o prefeito de S\u00e3o Paulo, Fernando Haddad.<\/p>\n","protected":false},"excerpt":{"rendered":"<p>O Hospital do Cora\u00e7\u00e3o de S\u00e3o Paulo inaugurou hoje (23) seu novo edif\u00edcio, que recebeu o nome de Dr. Adib Jatene, duas vezes ministro da Sa\u00fade, cientista e professor universit\u00e1rio. O deputado federal Antonio Brito (PTB), presidente da Frente Parlamentar de Apoio \u00e0s Santas Casas e Entidades Filantr\u00f3picas e presidente da Confedera\u00e7\u00e3o Internacional das Miseric\u00f3rdias, [&hellip;]<\/p>\n","protected":false},"author":2,"featured_media":0,"comment_status":"open","ping_status":"open","sticky":false,"template":"","format":"standard","meta":{"footnotes":"","_links_to":"","_links_to_target":""},"categories":[1],"tags":[],"class_list":["post-34019","post","type-post","status-publish","format-standard","hentry","category-geral"],"views":1151,"_links":{"self":[{"href":"https:\/\/www.sudoestehoje.com.br\/novoportal\/wp-json\/wp\/v2\/posts\/34019","targetHints":{"allow":["GET"]}}],"collection":[{"href":"https:\/\/www.sudoestehoje.com.br\/novoportal\/wp-json\/wp\/v2\/posts"}],"about":[{"href":"https:\/\/www.sudoestehoje.com.br\/novoportal\/wp-json\/wp\/v2\/types\/post"}],"author":[{"embeddable":true,"href":"https:\/\/www.sudoestehoje.com.br\/novoportal\/wp-json\/wp\/v2\/users\/2"}],"replies":[{"embeddable":true,"href":"https:\/\/www.sudoestehoje.com.br\/novoportal\/wp-json\/wp\/v2\/comments?post=34019"}],"version-history":[{"count":3,"href":"https:\/\/www.sudoestehoje.com.br\/novoportal\/wp-json\/wp\/v2\/posts\/34019\/revisions"}],"predecessor-version":[{"id":34022,"href":"https:\/\/www.sudoestehoje.com.br\/novoportal\/wp-json\/wp\/v2\/posts\/34019\/revisions\/34022"}],"wp:attachment":[{"href":"https:\/\/www.sudoestehoje.com.br\/novoportal\/wp-json\/wp\/v2\/media?parent=34019"}],"wp:term":[{"taxonomy":"category","embeddable":true,"href":"https:\/\/www.sudoestehoje.com.br\/novoportal\/wp-json\/wp\/v2\/categories?post=34019"},{"taxonomy":"post_tag","embeddable":true,"href":"https:\/\/www.sudoestehoje.com.br\/novoportal\/wp-json\/wp\/v2\/tags?post=34019"}],"curies":[{"name":"wp","href":"https:\/\/api.w.org\/{rel}","templated":true}]}}